{"id":3622,"date":"2019-07-24T11:18:12","date_gmt":"2019-07-24T14:18:12","guid":{"rendered":"http:\/\/bonettiassociados.com.br\/?p=3622"},"modified":"2019-07-24T11:18:12","modified_gmt":"2019-07-24T14:18:12","slug":"gdf-permite-o-pagamento-de-impostos-no-cartao","status":"publish","type":"post","link":"https:\/\/bonettiassociados.com.br\/index.php\/2019\/07\/24\/gdf-permite-o-pagamento-de-impostos-no-cartao\/","title":{"rendered":"GDF PERMITE O PAGAMENTO DE IMPOSTOS NO CART\u00c3O"},"content":{"rendered":"<p style=\"text-align: justify;\"><span style=\"font-family: arial, helvetica, sans-serif;\">Contribuinte poder\u00e1 recolher tributos, como IPVA ou IPTU, no cr\u00e9dito ou d\u00e9bito<\/span><!--more--><\/p>\n<p style=\"text-align: justify;\"><span style=\"font-family: arial, helvetica, sans-serif;\">O Governo do Distrito Federal (GDF) agora permite o pagamento de impostos e tributos com cart\u00e3o de cr\u00e9dito ou d\u00e9bito. A medida foi tomada para facilitar a vida do contribuinte e passa a valer com a publica\u00e7\u00e3o do Decreto n\u00ba 39.972\/2019 no Di\u00e1rio Oficial desta ter\u00e7a-feira (23\/7).<\/span><\/p>\n<p style=\"text-align: justify;\"><span style=\"font-family: arial, helvetica, sans-serif;\">Nele, o GDF autoriza o credenciamento de institui\u00e7\u00f5es financeiras e operadoras de meios eletr\u00f4nicos para realizar os pagamentos. D\u00edvidas de impostos como IPVA e IPTU, como tamb\u00e9m multas de tr\u00e2nsito, entre outros, poder\u00e3o ser pagas no cart\u00e3o.<\/span><\/p>\n<p style=\"text-align: justify;\"><span style=\"font-family: arial, helvetica, sans-serif;\">O secret\u00e1rio de Fazenda, Planejamento, Or\u00e7amento e Gest\u00e3o, Andr\u00e9 Clemente, destaca a iniciativa como mais uma forma de relacionamento entre o Estado e o cidad\u00e3o.<\/span><\/p>\n<p style=\"text-align: justify;\"><span style=\"font-family: arial, helvetica, sans-serif;\">Com a novidade, o GDF p\u00f5e \u00e0 disposi\u00e7\u00e3o do cidad\u00e3o um meio de pagamento amplamente difundido no mercado. Ao mesmo tempo, ajuda a administra\u00e7\u00e3o a superar as suas metas de arrecada\u00e7\u00e3o.<\/span><\/p>\n<p style=\"text-align: justify;\"><span style=\"font-family: arial, helvetica, sans-serif;\">O GDF n\u00e3o ter\u00e1 custos na presta\u00e7\u00e3o deste servi\u00e7o, e receber\u00e1 das empresas o valor integral e \u00e0 vista dos d\u00e9bitos pagos no cart\u00e3o. O cidad\u00e3o, por\u00e9m, poder\u00e1 parcelar suas d\u00edvidas com as operadoras de cart\u00e3o.<\/span><\/p>\n<p style=\"text-align: justify;\"><span style=\"font-family: arial, helvetica, sans-serif;\">Opera\u00e7\u00e3o financeira<\/span><\/p>\n<p style=\"text-align: justify;\"><span style=\"font-family: arial, helvetica, sans-serif;\">O parcelamento poder\u00e1 englobar um ou mais impostos, taxas, contribui\u00e7\u00f5es ou outras receitas, a crit\u00e9rio da Secretaria de Fazenda, Planejamento, Or\u00e7amento e Gest\u00e3o (SEFP). Nestes casos, dever\u00e1 estar claro para o usu\u00e1rio os custos totais da opera\u00e7\u00e3o financeira, os valores de parcela aos quais estar\u00e1 sujeito e o montante do d\u00e9bito para pagamento.<\/span><\/p>\n<p style=\"text-align: justify;\"><span style=\"font-family: arial, helvetica, sans-serif;\">Para que o procedimento comece a ser adotado, as empresas de cr\u00e9dito dever\u00e3o fazer o credenciamento junto \u00e0 Secretaria de Fazenda, Planejamento, Or\u00e7amento e Gest\u00e3o (SEFP).<\/span><\/p>\n<p style=\"text-align: justify;\"><span style=\"font-family: arial, helvetica, sans-serif;\">Com isto, poder\u00e3o disponibilizar o pagamento em estabelecimento pr\u00f3prio, internet ou onde o GDF indicar. J\u00e1 h\u00e1 manifesta\u00e7\u00f5es de tr\u00eas empresas interessadas em oferecer o servi\u00e7o ao cidad\u00e3o.<\/span><\/p>\n<p style=\"text-align: justify;\"><span style=\"font-family: arial, helvetica, sans-serif;\">O novo procedimento vai facilitar a vida de quem est\u00e1 em d\u00e9bito com os seus pagamentos. H\u00e1, hoje, R$ 306,1 milh\u00f5es atrasados referentes a IPVA. Outros R$ 133, 7 milh\u00f5es o governo espera receber pelo IPTU e R$ 21,6 milh\u00f5es pela Taxa de Limpeza P\u00fablica (TLP). H\u00e1 ainda d\u00e9bitos de parcelamentos, que somam cerca de R$ 3,5 milh\u00f5es, e tamb\u00e9m poder\u00e3o ser pagos pelo cart\u00e3o, mesmo que estejam na d\u00edvida ativa.<\/span><\/p>\n<p style=\"text-align: justify;\"><span style=\"font-family: arial, helvetica, sans-serif;\"><strong>Fonte: Ag\u00eancia Bras\u00edlia<\/strong><\/span><\/p>\n","protected":false},"excerpt":{"rendered":"<p>Contribuinte poder\u00e1 recolher tributos, como IPVA ou IPTU, no cr\u00e9dito [&hellip;]<\/p>\n","protected":false},"author":6,"featured_media":0,"comment_status":"closed","ping_status":"open","sticky":false,"template":"","format":"standard","meta":{"jetpack_post_was_ever_published":false,"_jetpack_newsletter_access":"","_jetpack_dont_email_post_to_subs":false,"_jetpack_newsletter_tier_id":0,"_jetpack_memberships_contains_paywalled_content":false,"footnotes":"","_jetpack_memberships_contains_paid_content":false,"jetpack_publicize_message":"","jetpack_publicize_feature_enabled":true,"jetpack_social_post_already_shared":true,"jetpack_social_options":{"image_generator_settings":{"template":"highway","enabled":false}}},"categories":[2],"tags":[],"jetpack_publicize_connections":[],"jetpack_featured_media_url":"","jetpack_sharing_enabled":true,"jetpack_shortlink":"https:\/\/wp.me\/paFpWR-Wq","_links":{"self":[{"href":"https:\/\/bonettiassociados.com.br\/index.php\/wp-json\/wp\/v2\/posts\/3622"}],"collection":[{"href":"https:\/\/bonettiassociados.com.br\/index.php\/wp-json\/wp\/v2\/posts"}],"about":[{"href":"https:\/\/bonettiassociados.com.br\/index.php\/wp-json\/wp\/v2\/types\/post"}],"author":[{"embeddable":true,"href":"https:\/\/bonettiassociados.com.br\/index.php\/wp-json\/wp\/v2\/users\/6"}],"replies":[{"embeddable":true,"href":"https:\/\/bonettiassociados.com.br\/index.php\/wp-json\/wp\/v2\/comments?post=3622"}],"version-history":[{"count":1,"href":"https:\/\/bonettiassociados.com.br\/index.php\/wp-json\/wp\/v2\/posts\/3622\/revisions"}],"predecessor-version":[{"id":3623,"href":"https:\/\/bonettiassociados.com.br\/index.php\/wp-json\/wp\/v2\/posts\/3622\/revisions\/3623"}],"wp:attachment":[{"href":"https:\/\/bonettiassociados.com.br\/index.php\/wp-json\/wp\/v2\/media?parent=3622"}],"wp:term":[{"taxonomy":"category","embeddable":true,"href":"https:\/\/bonettiassociados.com.br\/index.php\/wp-json\/wp\/v2\/categories?post=3622"},{"taxonomy":"post_tag","embeddable":true,"href":"https:\/\/bonettiassociados.com.br\/index.php\/wp-json\/wp\/v2\/tags?post=3622"}],"curies":[{"name":"wp","href":"https:\/\/api.w.org\/{rel}","templated":true}]}}