{"id":3618,"date":"2019-07-24T11:15:27","date_gmt":"2019-07-24T14:15:27","guid":{"rendered":"http:\/\/bonettiassociados.com.br\/?p=3618"},"modified":"2019-07-24T11:15:27","modified_gmt":"2019-07-24T14:15:27","slug":"comite-de-simplificacao-de-registro-de-empresas-tem-nova-regulamentacao","status":"publish","type":"post","link":"https:\/\/bonettiassociados.com.br\/index.php\/2019\/07\/24\/comite-de-simplificacao-de-registro-de-empresas-tem-nova-regulamentacao\/","title":{"rendered":"COMIT\u00ca DE SIMPLIFICA\u00c7\u00c3O DE REGISTRO DE EMPRESAS TEM NOVA REGULAMENTA\u00c7\u00c3O"},"content":{"rendered":"<p style=\"text-align: justify;\"><span style=\"font-family: arial, helvetica, sans-serif;\">O texto revoga duas outras regulamenta\u00e7\u00f5es do assunto.<\/span><!--more--><\/p>\n<p style=\"text-align: justify;\"><span style=\"font-family: arial, helvetica, sans-serif;\">O Di\u00e1rio Oficial da Uni\u00e3o (DOU) desta ter\u00e7a-feira, 23, publica um novo decreto sobre o Comit\u00ea para Gest\u00e3o da Rede Nacional para a Simplifica\u00e7\u00e3o do Registro e da Legaliza\u00e7\u00e3o de Empresas e Neg\u00f3cios (CGSIM).<\/span><\/p>\n<p style=\"text-align: justify;\"><span style=\"font-family: arial, helvetica, sans-serif;\">O texto revoga duas outras regulamenta\u00e7\u00f5es do assunto, de junho de 2009 e julho de 2017. Dentre as compet\u00eancias, o colegiado deve normatizar a inscri\u00e7\u00e3o, cadastro, abertura, alvar\u00e1, arquivamento, licen\u00e7as, permiss\u00e3o, autoriza\u00e7\u00e3o, registros e os demais itens relativos \u00e0 abertura, \u00e0 legaliza\u00e7\u00e3o e ao funcionamento de empres\u00e1rios e de pessoas jur\u00eddicas de qualquer porte, atividade econ\u00f4mica ou composi\u00e7\u00e3o societ\u00e1ria, al\u00e9m de elaborar e aprovar o modelo operacional da Rede Nacional para a Simplifica\u00e7\u00e3o do Registro e da Legaliza\u00e7\u00e3o de Empresas e Neg\u00f3cios (Redesim).<\/span><\/p>\n<p style=\"text-align: justify;\"><span style=\"font-family: arial, helvetica, sans-serif;\">O novo decreto estabelece, entre outros pontos, que a presid\u00eancia do CGSIM agora ser\u00e1 exercida, em sistema de rod\u00edzio anual, pelo secret\u00e1rio de Governo Digital da Secretaria Especial de Desburocratiza\u00e7\u00e3o, Gest\u00e3o e Governo Digital do Minist\u00e9rio da Economia e pelo Subsecret\u00e1rio de Arrecada\u00e7\u00e3o, Cadastros e Atendimento da Secretaria Especial da Receita Federal do Brasil do Minist\u00e9rio da Economia.<\/span><\/p>\n<p style=\"text-align: justify;\"><span style=\"font-family: arial, helvetica, sans-serif;\">Antes, o comit\u00ea era comandado pelo titular da extinta Secretaria Especial da Micro e Pequena Empresa do Minist\u00e9rio da Ind\u00fastria, Com\u00e9rcio Exterior e Servi\u00e7os.<\/span><\/p>\n<p style=\"text-align: justify;\"><span style=\"font-family: arial, helvetica, sans-serif;\"><strong>Fonte: \u00a0Fenacon<\/strong><\/span><\/p>\n","protected":false},"excerpt":{"rendered":"<p>O texto revoga duas outras regulamenta\u00e7\u00f5es do assunto.<\/p>\n","protected":false},"author":6,"featured_media":0,"comment_status":"closed","ping_status":"open","sticky":false,"template":"","format":"standard","meta":{"jetpack_post_was_ever_published":false,"_jetpack_newsletter_access":"","_jetpack_dont_email_post_to_subs":false,"_jetpack_newsletter_tier_id":0,"_jetpack_memberships_contains_paywalled_content":false,"footnotes":"","_jetpack_memberships_contains_paid_content":false,"jetpack_publicize_message":"","jetpack_publicize_feature_enabled":true,"jetpack_social_post_already_shared":true,"jetpack_social_options":{"image_generator_settings":{"template":"highway","enabled":false}}},"categories":[2],"tags":[],"jetpack_publicize_connections":[],"jetpack_featured_media_url":"","jetpack_sharing_enabled":true,"jetpack_shortlink":"https:\/\/wp.me\/paFpWR-Wm","_links":{"self":[{"href":"https:\/\/bonettiassociados.com.br\/index.php\/wp-json\/wp\/v2\/posts\/3618"}],"collection":[{"href":"https:\/\/bonettiassociados.com.br\/index.php\/wp-json\/wp\/v2\/posts"}],"about":[{"href":"https:\/\/bonettiassociados.com.br\/index.php\/wp-json\/wp\/v2\/types\/post"}],"author":[{"embeddable":true,"href":"https:\/\/bonettiassociados.com.br\/index.php\/wp-json\/wp\/v2\/users\/6"}],"replies":[{"embeddable":true,"href":"https:\/\/bonettiassociados.com.br\/index.php\/wp-json\/wp\/v2\/comments?post=3618"}],"version-history":[{"count":1,"href":"https:\/\/bonettiassociados.com.br\/index.php\/wp-json\/wp\/v2\/posts\/3618\/revisions"}],"predecessor-version":[{"id":3619,"href":"https:\/\/bonettiassociados.com.br\/index.php\/wp-json\/wp\/v2\/posts\/3618\/revisions\/3619"}],"wp:attachment":[{"href":"https:\/\/bonettiassociados.com.br\/index.php\/wp-json\/wp\/v2\/media?parent=3618"}],"wp:term":[{"taxonomy":"category","embeddable":true,"href":"https:\/\/bonettiassociados.com.br\/index.php\/wp-json\/wp\/v2\/categories?post=3618"},{"taxonomy":"post_tag","embeddable":true,"href":"https:\/\/bonettiassociados.com.br\/index.php\/wp-json\/wp\/v2\/tags?post=3618"}],"curies":[{"name":"wp","href":"https:\/\/api.w.org\/{rel}","templated":true}]}}