{"id":3611,"date":"2019-07-24T11:05:57","date_gmt":"2019-07-24T14:05:57","guid":{"rendered":"http:\/\/bonettiassociados.com.br\/?p=3611"},"modified":"2019-07-24T11:05:57","modified_gmt":"2019-07-24T14:05:57","slug":"fgts-esocial-possibilidade-de-utilizacao-da-grf-e-grrf-prazo-indeterminado","status":"publish","type":"post","link":"https:\/\/bonettiassociados.com.br\/index.php\/2019\/07\/24\/fgts-esocial-possibilidade-de-utilizacao-da-grf-e-grrf-prazo-indeterminado\/","title":{"rendered":"FGTS &#8211; ESOCIAL &#8211; POSSIBILIDADE DE UTILIZA\u00c7\u00c3O DA GRF E GRRF &#8211; PRAZO INDETERMINADO"},"content":{"rendered":"<p style=\"text-align: justify;\"><span style=\"font-family: arial, helvetica, sans-serif;\">Foi publicada no DOU de hoje (24.7.2019) a Circular CEF n\u00ba 865\/2019, que divulgou orienta\u00e7\u00f5es sobre o per\u00edodo de adapta\u00e7\u00e3o ao uso obrigat\u00f3rio do eSocial para todos os grupos de empregadores, compreendendo:<\/span><!--more--><\/p>\n<p><span style=\"font-family: arial, helvetica, sans-serif;\">a) o Grupo 1, que s\u00e3o as Entidades Empresariais com faturamento em 2016 acima de R$78.000.000,00;<\/span><\/p>\n<ol style=\"text-align: justify;\" start=\"78\">\n<li><span style=\"font-family: arial, helvetica, sans-serif;\">b) o Grupo 2, que fazem parte as demais Entidades Empresariais n\u00e3o optantes pelo Simples Nacional;<\/span><\/li>\n<li><span style=\"font-family: arial, helvetica, sans-serif;\">c) o Grupo 3, que s\u00e3o os empregadores optantes pelo Simples Nacional, empregadores pessoa f\u00edsica (exceto dom\u00e9stico), produtor rural PF e entidades sem fins lucrativos; e<\/span><\/li>\n<li><span style=\"font-family: arial, helvetica, sans-serif;\">c) o Grupo 4, ao qual pertencem os entes p\u00fablicos e as organiza\u00e7\u00f5es internacionais.<\/span><\/li>\n<\/ol>\n<p style=\"text-align: justify;\"><span style=\"font-family: arial, helvetica, sans-serif;\">\u00a0Nesses casos, o recolhimento do FGTS poder\u00e1 ser feito por meio da GRF por prazo indeterminado. Do mesmo modo, os empregadores poder\u00e3o utilizar-se da GRRF, tamb\u00e9m por prazo indeterminado, para informar os desligamentos de contratos de trabalho ocorridos.<\/span><\/p>\n<p style=\"text-align: justify;\"><span style=\"font-family: arial, helvetica, sans-serif;\">\u00a0Por fim, foram revogadas as Circulares CEF n\u00bas 843\/2019 e 858\/2019, que tratavam sobre o assunto.<\/span><\/p>\n<p style=\"text-align: justify;\"><span style=\"font-family: arial, helvetica, sans-serif;\"><strong>Fonte: CheckPoint<\/strong><\/span><\/p>\n","protected":false},"excerpt":{"rendered":"<p>Foi publicada no DOU de hoje (24.7.2019) a Circular CEF [&hellip;]<\/p>\n","protected":false},"author":6,"featured_media":0,"comment_status":"closed","ping_status":"open","sticky":false,"template":"","format":"standard","meta":{"jetpack_post_was_ever_published":false,"_jetpack_newsletter_access":"","_jetpack_dont_email_post_to_subs":false,"_jetpack_newsletter_tier_id":0,"_jetpack_memberships_contains_paywalled_content":false,"footnotes":"","_jetpack_memberships_contains_paid_content":false,"jetpack_publicize_message":"","jetpack_publicize_feature_enabled":true,"jetpack_social_post_already_shared":true,"jetpack_social_options":{"image_generator_settings":{"template":"highway","enabled":false}}},"categories":[2],"tags":[],"jetpack_publicize_connections":[],"jetpack_featured_media_url":"","jetpack_sharing_enabled":true,"jetpack_shortlink":"https:\/\/wp.me\/paFpWR-Wf","_links":{"self":[{"href":"https:\/\/bonettiassociados.com.br\/index.php\/wp-json\/wp\/v2\/posts\/3611"}],"collection":[{"href":"https:\/\/bonettiassociados.com.br\/index.php\/wp-json\/wp\/v2\/posts"}],"about":[{"href":"https:\/\/bonettiassociados.com.br\/index.php\/wp-json\/wp\/v2\/types\/post"}],"author":[{"embeddable":true,"href":"https:\/\/bonettiassociados.com.br\/index.php\/wp-json\/wp\/v2\/users\/6"}],"replies":[{"embeddable":true,"href":"https:\/\/bonettiassociados.com.br\/index.php\/wp-json\/wp\/v2\/comments?post=3611"}],"version-history":[{"count":1,"href":"https:\/\/bonettiassociados.com.br\/index.php\/wp-json\/wp\/v2\/posts\/3611\/revisions"}],"predecessor-version":[{"id":3612,"href":"https:\/\/bonettiassociados.com.br\/index.php\/wp-json\/wp\/v2\/posts\/3611\/revisions\/3612"}],"wp:attachment":[{"href":"https:\/\/bonettiassociados.com.br\/index.php\/wp-json\/wp\/v2\/media?parent=3611"}],"wp:term":[{"taxonomy":"category","embeddable":true,"href":"https:\/\/bonettiassociados.com.br\/index.php\/wp-json\/wp\/v2\/categories?post=3611"},{"taxonomy":"post_tag","embeddable":true,"href":"https:\/\/bonettiassociados.com.br\/index.php\/wp-json\/wp\/v2\/tags?post=3611"}],"curies":[{"name":"wp","href":"https:\/\/api.w.org\/{rel}","templated":true}]}}