{"id":3609,"date":"2019-07-24T11:04:27","date_gmt":"2019-07-24T14:04:27","guid":{"rendered":"http:\/\/bonettiassociados.com.br\/?p=3609"},"modified":"2019-07-24T11:04:27","modified_gmt":"2019-07-24T14:04:27","slug":"guedes-projeta-injecao-de-r-30-bi-com-fgts-neste-ano","status":"publish","type":"post","link":"https:\/\/bonettiassociados.com.br\/index.php\/2019\/07\/24\/guedes-projeta-injecao-de-r-30-bi-com-fgts-neste-ano\/","title":{"rendered":"GUEDES PROJETA INJE\u00c7\u00c3O DE R$ 30 BI COM FGTS NESTE ANO"},"content":{"rendered":"<p style=\"text-align: justify;\"><span style=\"font-family: arial, helvetica, sans-serif;\">O esperado an\u00fancio da libera\u00e7\u00e3o dos saques do Fundo de Garantia do Tempo de Servi\u00e7o (FGTS) e do PIS\/Pasep est\u00e1 marcado para hoje \u00e0 tarde no Pal\u00e1cio do Planalto e, segundo o porta-voz da Presid\u00eancia, Ot\u00e1vio do R\u00eago Barros, o governo deve mesmo liberar saques em torno de R$ 500. O porta-voz disse ainda que com a medida o governo &#8220;quer dar oportunidade de acesso ao dinheiro que \u00e9 do trabalhador&#8221;.<\/span><!--more--><\/p>\n<p style=\"text-align: justify;\"><span style=\"font-family: arial, helvetica, sans-serif;\">Ontem, ap\u00f3s uma cerim\u00f4nia no Planalto, o ministro da Economia, Paulo Guedes, afirmou que a expectativa \u00e9 que sejam injetados na economia R$ 42 bilh\u00f5es por meio dos saques de contas ativas e inativas do FGTS. Segundo ele, devem ser liberados R$ 30 bilh\u00f5es neste ano e R$ 12 bilh\u00f5es no ano que vem. &#8220;Eles [governo anterior] soltaram de uma vez s\u00f3, n\u00f3s vamos soltar para sempre, todo ano vai ter&#8221;, disse Guedes.<\/span><\/p>\n<p style=\"text-align: justify;\"><span style=\"font-family: arial, helvetica, sans-serif;\">O ministro, por\u00e9m, n\u00e3o detalhou quanto do valor liberado se refere ao FGTS e quanto poderia vir do PIS\/Pasep. Fontes da \u00e1rea econ\u00f4mica indicaram ao Valor que, no caso do PIS\/Pasep a libera\u00e7\u00e3o deve atingir 11,5 milh\u00f5es de pessoas, o que envolveria cerca de R$ 2 bilh\u00f5es entre setembro deste ano e mar\u00e7o de 2020.<\/span><\/p>\n<p style=\"text-align: justify;\"><span style=\"font-family: arial, helvetica, sans-serif;\">Segundo fontes do Planalto, a Casa Civil e t\u00e9cnicos do Minist\u00e9rio da Economia ainda fariam reuni\u00f5es ontem e hoje pela manh\u00e3 para concluir e revisar o texto da Medida Provis\u00f3ria (MP) que tratar\u00e1 da libera\u00e7\u00e3o dos recursos. Um auxiliar do presidente salientou que \u00e9 preciso fazer uma avalia\u00e7\u00e3o criteriosa no texto da medida para evitar erros. O maior receio, segundo a fonte, \u00e9 de que haja alguma irregularidade que possa enquadrar o presidente em crime de responsabilidade fiscal.<\/span><\/p>\n<p style=\"text-align: justify;\"><span style=\"font-family: arial, helvetica, sans-serif;\">Na reuni\u00e3o preparat\u00f3ria do Conselho Curador do FGTS, ontem, o representante do Minist\u00e9rio da Economia, Igor Vilas Boas de Freitas, apresentou as linhas gerais da medida provis\u00f3ria.<\/span><\/p>\n<p style=\"text-align: justify;\"><span style=\"font-family: arial, helvetica, sans-serif;\">Para indigna\u00e7\u00e3o de representantes do conselho, Freitas contou apenas que a MP deve propor a cria\u00e7\u00e3o de uma nova possibilidade de saque anual dos recursos na data de anivers\u00e1rio do trabalhador (saque-anivers\u00e1rio) e um saque extraordin\u00e1rio, no valor de R$ 500 para todos os cotistas de contas ativas e inativas.<\/span><\/p>\n<p style=\"text-align: justify;\"><span style=\"font-family: arial, helvetica, sans-serif;\">Segundo um dos representantes do conselho, apesar da press\u00e3o feita, Freitas, que preside o Conselho Curador, n\u00e3o passou detalhes sobre impacto das mudan\u00e7as para o fundo. A reuni\u00e3o do \u00f3rg\u00e3o ocorrer\u00e1 na pr\u00f3xima semana.<\/span><\/p>\n<p style=\"text-align: justify;\"><span style=\"font-family: arial, helvetica, sans-serif;\">A MP dever\u00e1 autorizar, ainda, a distribui\u00e7\u00e3o de 100% dos rendimentos do FGTS aos trabalhadores. No governo do presidente Michel Temer foi permitida a distribui\u00e7\u00e3o de 50% do lucro para melhorar a rentabilidade dos trabalhadores. Os dep\u00f3sitos do fundo s\u00e3o remunerados somente pela TR mais 3% ao ano.<\/span><\/p>\n<p style=\"text-align: justify;\"><span style=\"font-family: arial, helvetica, sans-serif;\">A ind\u00fastria da constru\u00e7\u00e3o civil pressionou o governo para que n\u00e3o houvesse redu\u00e7\u00e3o dos recursos do fundo de garantia que financia habita\u00e7\u00f5es e projetos de saneamento b\u00e1sico. Ontem v\u00e1rias fontes da \u00e1rea econ\u00f4mica asseguraram ao Valor que o funding dos financiamentos para esses dois setores est\u00e1 preservado.<\/span><\/p>\n<p style=\"text-align: justify;\"><span style=\"font-family: arial, helvetica, sans-serif;\">O governo espera, com a libera\u00e7\u00e3o dos recursos do FGTS e do PIS\/Pasep, estimular o consumo e dar um alento \u00e0 atividade econ\u00f4mica, enquanto aguarda a expans\u00e3o dos investimentos.<\/span><\/p>\n<p style=\"text-align: justify;\"><span style=\"font-family: arial, helvetica, sans-serif;\"><strong>Fonte: Valor Econ\u00f4mico \u2013 Ana Kruger, Edna Sim\u00e3o e Fabio Murakawa<\/strong><\/span><\/p>\n","protected":false},"excerpt":{"rendered":"<p>O esperado an\u00fancio da libera\u00e7\u00e3o dos saques do Fundo de [&hellip;]<\/p>\n","protected":false},"author":6,"featured_media":0,"comment_status":"closed","ping_status":"open","sticky":false,"template":"","format":"standard","meta":{"jetpack_post_was_ever_published":false,"_jetpack_newsletter_access":"","_jetpack_dont_email_post_to_subs":false,"_jetpack_newsletter_tier_id":0,"_jetpack_memberships_contains_paywalled_content":false,"footnotes":"","_jetpack_memberships_contains_paid_content":false,"jetpack_publicize_message":"","jetpack_publicize_feature_enabled":true,"jetpack_social_post_already_shared":true,"jetpack_social_options":{"image_generator_settings":{"template":"highway","enabled":false}}},"categories":[2],"tags":[],"jetpack_publicize_connections":[],"jetpack_featured_media_url":"","jetpack_sharing_enabled":true,"jetpack_shortlink":"https:\/\/wp.me\/paFpWR-Wd","_links":{"self":[{"href":"https:\/\/bonettiassociados.com.br\/index.php\/wp-json\/wp\/v2\/posts\/3609"}],"collection":[{"href":"https:\/\/bonettiassociados.com.br\/index.php\/wp-json\/wp\/v2\/posts"}],"about":[{"href":"https:\/\/bonettiassociados.com.br\/index.php\/wp-json\/wp\/v2\/types\/post"}],"author":[{"embeddable":true,"href":"https:\/\/bonettiassociados.com.br\/index.php\/wp-json\/wp\/v2\/users\/6"}],"replies":[{"embeddable":true,"href":"https:\/\/bonettiassociados.com.br\/index.php\/wp-json\/wp\/v2\/comments?post=3609"}],"version-history":[{"count":1,"href":"https:\/\/bonettiassociados.com.br\/index.php\/wp-json\/wp\/v2\/posts\/3609\/revisions"}],"predecessor-version":[{"id":3610,"href":"https:\/\/bonettiassociados.com.br\/index.php\/wp-json\/wp\/v2\/posts\/3609\/revisions\/3610"}],"wp:attachment":[{"href":"https:\/\/bonettiassociados.com.br\/index.php\/wp-json\/wp\/v2\/media?parent=3609"}],"wp:term":[{"taxonomy":"category","embeddable":true,"href":"https:\/\/bonettiassociados.com.br\/index.php\/wp-json\/wp\/v2\/categories?post=3609"},{"taxonomy":"post_tag","embeddable":true,"href":"https:\/\/bonettiassociados.com.br\/index.php\/wp-json\/wp\/v2\/tags?post=3609"}],"curies":[{"name":"wp","href":"https:\/\/api.w.org\/{rel}","templated":true}]}}