{"id":3599,"date":"2019-07-23T11:51:40","date_gmt":"2019-07-23T14:51:40","guid":{"rendered":"http:\/\/bonettiassociados.com.br\/?p=3599"},"modified":"2019-07-23T11:51:40","modified_gmt":"2019-07-23T14:51:40","slug":"iss-sao-paulo-contribuintes-que-ultrapassarem-o-limite-de-receita-bruta-anual-serao-equiparados-a-nao-optantes-pelo-simples-nacional","status":"publish","type":"post","link":"https:\/\/bonettiassociados.com.br\/index.php\/2019\/07\/23\/iss-sao-paulo-contribuintes-que-ultrapassarem-o-limite-de-receita-bruta-anual-serao-equiparados-a-nao-optantes-pelo-simples-nacional\/","title":{"rendered":"ISS\/S\u00c3O PAULO &#8211; CONTRIBUINTES QUE ULTRAPASSAREM O LIMITE DE RECEITA BRUTA ANUAL SER\u00c3O EQUIPARADOS A N\u00c3O OPTANTES PELO SIMPLES NACIONAL"},"content":{"rendered":"<p style=\"text-align: justify;\"><span style=\"font-family: arial, helvetica, sans-serif;\">Foi acrescentada disposi\u00e7\u00e3o regulamentar estabelecendo que a empresa de pequeno porte que ultrapassar o limite de receita anual dever\u00e1 apurar e recolher o imposto, observando, para isso, as normas gerais de incid\u00eancia do ISS. E, para os demais fins previstos no Regulamento do ISS, essas empresas ficar\u00e3o equiparadas \u00e0s demais pessoas jur\u00eddicas n\u00e3o optantes pelo Simples Nacional.<\/span><!--more--><\/p>\n<p style=\"text-align: justify;\"><span style=\"font-family: arial, helvetica, sans-serif;\">Foi estabelecido, ainda, que o tomador que emitir NFTS em fun\u00e7\u00e3o da n\u00e3o emiss\u00e3o de documento fiscal pelo servi\u00e7o prestado por essa EPP que ultrapassar o limite, nos termos mencionados anteriormente e previsto no art. 108-A do RISS-S\u00e3o Paulo\/2012 , ora acrescentado, dever\u00e1 adotar a al\u00edquota do servi\u00e7o no Munic\u00edpio de S\u00e3o Paulo.<\/span><\/p>\n<p style=\"text-align: justify;\"><span style=\"font-family: arial, helvetica, sans-serif;\">(Decreto n\u00ba 58.872\/2019 &#8211; DOM S\u00e3o Paulo de 23.07.2019)<\/span><\/p>\n<p style=\"text-align: justify;\"><span style=\"font-family: arial, helvetica, sans-serif;\"><strong>FONTE: Editorial IOB<\/strong><\/span><\/p>\n","protected":false},"excerpt":{"rendered":"<p>Foi acrescentada disposi\u00e7\u00e3o regulamentar estabelecendo que a empresa de pequeno [&hellip;]<\/p>\n","protected":false},"author":6,"featured_media":0,"comment_status":"closed","ping_status":"open","sticky":false,"template":"","format":"standard","meta":{"jetpack_post_was_ever_published":false,"_jetpack_newsletter_access":"","_jetpack_dont_email_post_to_subs":false,"_jetpack_newsletter_tier_id":0,"_jetpack_memberships_contains_paywalled_content":false,"footnotes":"","_jetpack_memberships_contains_paid_content":false,"jetpack_publicize_message":"","jetpack_publicize_feature_enabled":true,"jetpack_social_post_already_shared":true,"jetpack_social_options":{"image_generator_settings":{"template":"highway","enabled":false}}},"categories":[2],"tags":[],"jetpack_publicize_connections":[],"jetpack_featured_media_url":"","jetpack_sharing_enabled":true,"jetpack_shortlink":"https:\/\/wp.me\/paFpWR-W3","_links":{"self":[{"href":"https:\/\/bonettiassociados.com.br\/index.php\/wp-json\/wp\/v2\/posts\/3599"}],"collection":[{"href":"https:\/\/bonettiassociados.com.br\/index.php\/wp-json\/wp\/v2\/posts"}],"about":[{"href":"https:\/\/bonettiassociados.com.br\/index.php\/wp-json\/wp\/v2\/types\/post"}],"author":[{"embeddable":true,"href":"https:\/\/bonettiassociados.com.br\/index.php\/wp-json\/wp\/v2\/users\/6"}],"replies":[{"embeddable":true,"href":"https:\/\/bonettiassociados.com.br\/index.php\/wp-json\/wp\/v2\/comments?post=3599"}],"version-history":[{"count":1,"href":"https:\/\/bonettiassociados.com.br\/index.php\/wp-json\/wp\/v2\/posts\/3599\/revisions"}],"predecessor-version":[{"id":3600,"href":"https:\/\/bonettiassociados.com.br\/index.php\/wp-json\/wp\/v2\/posts\/3599\/revisions\/3600"}],"wp:attachment":[{"href":"https:\/\/bonettiassociados.com.br\/index.php\/wp-json\/wp\/v2\/media?parent=3599"}],"wp:term":[{"taxonomy":"category","embeddable":true,"href":"https:\/\/bonettiassociados.com.br\/index.php\/wp-json\/wp\/v2\/categories?post=3599"},{"taxonomy":"post_tag","embeddable":true,"href":"https:\/\/bonettiassociados.com.br\/index.php\/wp-json\/wp\/v2\/tags?post=3599"}],"curies":[{"name":"wp","href":"https:\/\/api.w.org\/{rel}","templated":true}]}}