{"id":3597,"date":"2019-07-23T11:50:39","date_gmt":"2019-07-23T14:50:39","guid":{"rendered":"http:\/\/bonettiassociados.com.br\/?p=3597"},"modified":"2019-07-23T11:50:39","modified_gmt":"2019-07-23T14:50:39","slug":"projeto-propoe-agilizar-recuperacao-judicial-e-falencia-de-microempresas","status":"publish","type":"post","link":"https:\/\/bonettiassociados.com.br\/index.php\/2019\/07\/23\/projeto-propoe-agilizar-recuperacao-judicial-e-falencia-de-microempresas\/","title":{"rendered":"PROJETO PROP\u00d5E AGILIZAR RECUPERA\u00c7\u00c3O JUDICIAL E FAL\u00caNCIA DE MICROEMPRESAS"},"content":{"rendered":"<p style=\"text-align: justify;\"><span style=\"font-family: arial, helvetica, sans-serif;\">O senador Angelo Coronel (ao microfone) quer que medidas criem ambiente para recupera\u00e7\u00e3o de pequenas e microempresas, ampliando, por exemplo, o prazo para pagamento de obriga\u00e7\u00f5es trabalhistas<\/span><!--more--><\/p>\n<p style=\"text-align: justify;\"><span style=\"font-family: arial, helvetica, sans-serif;\">A melhoria das condi\u00e7\u00f5es para micro e pequenas empresas (MPEs) entrarem com pedido de recupera\u00e7\u00e3o judicial \u00e9 o objetivo de projeto (PL 4.108\/2019) do senador \u00c2ngelo Coronel (PSD-BA). Segundo o senador, o objetivo \u00e9 agilizar o processo e diminuir a burocracia para que essas empresas possam levar adiante sua recupera\u00e7\u00e3o judicial ou mesmo sua fal\u00eancia.<\/span><\/p>\n<p style=\"text-align: justify;\"><span style=\"font-family: arial, helvetica, sans-serif;\">\u2014 Defendemos a cria\u00e7\u00e3o de um ambiente que possibilite a recupera\u00e7\u00e3o da MPEs, altera\u00e7\u00f5es na Lei de Recupera\u00e7\u00f5es e Fal\u00eancias (Lei 11.101, de 2005) \u2014 n\u00e3o s\u00f3 na recupera\u00e7\u00e3o judicial especial, mas tamb\u00e9m nas disposi\u00e7\u00f5es gerais \u2014 na recupera\u00e7\u00e3o extrajudicial e na fal\u00eancia, al\u00e9m de criar o procedimento extrajudicial de encerramento da empresa \u2014 esclarece o senador.<\/span><\/p>\n<p style=\"text-align: justify;\"><span style=\"font-family: arial, helvetica, sans-serif;\">Outro ponto importante \u00e9 a extens\u00e3o dos prazos de pagamentos de d\u00e9bitos trabalhistas, que pela lei atual \u00e9 de um ano. No projeto, o prazo \u00e9 multiplicado por tr\u00eas, para at\u00e9 tr\u00eas anos.<\/span><\/p>\n<p style=\"text-align: justify;\"><span style=\"font-family: arial, helvetica, sans-serif;\">O PL 4.108 foi encaminhado para exame da Comiss\u00e3o de Assuntos Econ\u00f4micos (CAE) e da Comiss\u00e3o de Constitui\u00e7\u00e3o e Justi\u00e7a (CCJ), sendo que a essa \u00faltima caber\u00e1 a decis\u00e3o terminativa. Ou seja, se for aprovado na CCJ s\u00f3 precisar\u00e1 ir ao Plen\u00e1rio do Senado se houver recurso \u00e0 vota\u00e7\u00e3o na comiss\u00e3o. Caso contr\u00e1rio, seguir\u00e1 para exame na C\u00e2mara dos Deputados.<\/span><\/p>\n<p style=\"text-align: justify;\"><span style=\"font-family: arial, helvetica, sans-serif;\"><strong>FONTE: Ag\u00eancia Senado<\/strong><\/span><\/p>\n","protected":false},"excerpt":{"rendered":"<p>O senador Angelo Coronel (ao microfone) quer que medidas criem [&hellip;]<\/p>\n","protected":false},"author":6,"featured_media":0,"comment_status":"closed","ping_status":"open","sticky":false,"template":"","format":"standard","meta":{"jetpack_post_was_ever_published":false,"_jetpack_newsletter_access":"","_jetpack_dont_email_post_to_subs":false,"_jetpack_newsletter_tier_id":0,"_jetpack_memberships_contains_paywalled_content":false,"footnotes":"","_jetpack_memberships_contains_paid_content":false,"jetpack_publicize_message":"","jetpack_publicize_feature_enabled":true,"jetpack_social_post_already_shared":true,"jetpack_social_options":{"image_generator_settings":{"template":"highway","enabled":false}}},"categories":[2],"tags":[],"jetpack_publicize_connections":[],"jetpack_featured_media_url":"","jetpack_sharing_enabled":true,"jetpack_shortlink":"https:\/\/wp.me\/paFpWR-W1","_links":{"self":[{"href":"https:\/\/bonettiassociados.com.br\/index.php\/wp-json\/wp\/v2\/posts\/3597"}],"collection":[{"href":"https:\/\/bonettiassociados.com.br\/index.php\/wp-json\/wp\/v2\/posts"}],"about":[{"href":"https:\/\/bonettiassociados.com.br\/index.php\/wp-json\/wp\/v2\/types\/post"}],"author":[{"embeddable":true,"href":"https:\/\/bonettiassociados.com.br\/index.php\/wp-json\/wp\/v2\/users\/6"}],"replies":[{"embeddable":true,"href":"https:\/\/bonettiassociados.com.br\/index.php\/wp-json\/wp\/v2\/comments?post=3597"}],"version-history":[{"count":1,"href":"https:\/\/bonettiassociados.com.br\/index.php\/wp-json\/wp\/v2\/posts\/3597\/revisions"}],"predecessor-version":[{"id":3598,"href":"https:\/\/bonettiassociados.com.br\/index.php\/wp-json\/wp\/v2\/posts\/3597\/revisions\/3598"}],"wp:attachment":[{"href":"https:\/\/bonettiassociados.com.br\/index.php\/wp-json\/wp\/v2\/media?parent=3597"}],"wp:term":[{"taxonomy":"category","embeddable":true,"href":"https:\/\/bonettiassociados.com.br\/index.php\/wp-json\/wp\/v2\/categories?post=3597"},{"taxonomy":"post_tag","embeddable":true,"href":"https:\/\/bonettiassociados.com.br\/index.php\/wp-json\/wp\/v2\/tags?post=3597"}],"curies":[{"name":"wp","href":"https:\/\/api.w.org\/{rel}","templated":true}]}}