{"id":3595,"date":"2019-07-23T11:49:55","date_gmt":"2019-07-23T14:49:55","guid":{"rendered":"http:\/\/bonettiassociados.com.br\/?p=3595"},"modified":"2019-07-23T11:49:55","modified_gmt":"2019-07-23T14:49:55","slug":"projeto-protege-patrimonio-de-dono-de-empresa-insolvente","status":"publish","type":"post","link":"https:\/\/bonettiassociados.com.br\/index.php\/2019\/07\/23\/projeto-protege-patrimonio-de-dono-de-empresa-insolvente\/","title":{"rendered":"PROJETO PROTEGE PATRIM\u00d4NIO DE DONO DE EMPRESA INSOLVENTE"},"content":{"rendered":"<p style=\"text-align: justify;\"><span style=\"font-family: arial, helvetica, sans-serif;\">Bragan\u00e7a aponta desest\u00edmulo ao empreendedorismo<\/span><!--more--><\/p>\n<p style=\"text-align: justify;\"><span style=\"font-family: arial, helvetica, sans-serif;\">O Projeto de Lei 3243\/19 limita os casos em que o juiz poder\u00e1 determinar o uso de bens do empres\u00e1rio para quitar d\u00edvidas que sua empresa \u00e9 incapaz de pagar. Conforme a proposta, ser\u00e1 necess\u00e1rio comprovar alguma dessas situa\u00e7\u00f5es: abuso de direito, excesso de poder, infra\u00e7\u00e3o da lei, fato ou ato il\u00edcito ou viola\u00e7\u00e3o do estatuto ou contrato social.<\/span><\/p>\n<p style=\"text-align: justify;\"><span style=\"font-family: arial, helvetica, sans-serif;\">A proposta est\u00e1 em tramita\u00e7\u00e3o na C\u00e2mara dos Deputados. O texto, de autoria do deputado Luiz Philippe de Orleans e Bragan\u00e7a (PSL-SP), altera o C\u00f3digo Tribut\u00e1rio Nacional e a Consolida\u00e7\u00e3o das Leis do Trabalho (CLT).<\/span><\/p>\n<p style=\"text-align: justify;\"><span style=\"font-family: arial, helvetica, sans-serif;\">\u201cNo Brasil, considera\u00e7\u00f5es de ordem fiscal e paternalismo cr\u00f4nico acabaram por orientar leis que autorizam a desconsidera\u00e7\u00e3o da personalidade jur\u00eddica sempre que empresas n\u00e3o sejam capazes de quitar obriga\u00e7\u00f5es perante a Fazenda P\u00fablica, os consumidores ou os empregados\u201d, afirmou o deputado Luiz Philippe de Orleans e Bragan\u00e7a.<\/span><\/p>\n<p style=\"text-align: justify;\"><span style=\"font-family: arial, helvetica, sans-serif;\">\u201cA pretexto de proteger tais grupos, a relativiza\u00e7\u00e3o da responsabilidade empresarial limitada desestimula o empreendedorismo e gera efeitos econ\u00f4micos mal\u00e9ficos, que, no longo prazo, prejudicam a todos\u201d, disse. \u201cMenos atividade empresarial significa diminui\u00e7\u00e3o da arrecada\u00e7\u00e3o tribut\u00e1ria, redu\u00e7\u00e3o nos postos de trabalho e oferta prec\u00e1ria de bens e servi\u00e7os.\u201d<\/span><\/p>\n<p style=\"text-align: justify;\"><span style=\"font-family: arial, helvetica, sans-serif;\">Tramita\u00e7\u00e3o<\/span><\/p>\n<p style=\"text-align: justify;\"><span style=\"font-family: arial, helvetica, sans-serif;\">A proposta tramita em car\u00e1ter conclusivo e ser\u00e1 analisada pelas comiss\u00f5es de Desenvolvimento Econ\u00f4mico, Ind\u00fastria, Com\u00e9rcio e Servi\u00e7os; e de Constitui\u00e7\u00e3o e Justi\u00e7a e de Cidadania.<\/span><\/p>\n<p style=\"text-align: justify;\"><span style=\"font-family: arial, helvetica, sans-serif;\">\u00cdNTEGRA DA PROPOSTA: PL-3243\/2019<\/span><\/p>\n<p style=\"text-align: justify;\"><span style=\"font-family: arial, helvetica, sans-serif;\"><strong>FONTE: Ag\u00eancia C\u00e2mara Not\u00edcias<\/strong><\/span><\/p>\n","protected":false},"excerpt":{"rendered":"<p>Bragan\u00e7a aponta desest\u00edmulo ao empreendedorismo<\/p>\n","protected":false},"author":6,"featured_media":0,"comment_status":"closed","ping_status":"open","sticky":false,"template":"","format":"standard","meta":{"jetpack_post_was_ever_published":false,"_jetpack_newsletter_access":"","_jetpack_dont_email_post_to_subs":false,"_jetpack_newsletter_tier_id":0,"_jetpack_memberships_contains_paywalled_content":false,"footnotes":"","_jetpack_memberships_contains_paid_content":false,"jetpack_publicize_message":"","jetpack_publicize_feature_enabled":true,"jetpack_social_post_already_shared":true,"jetpack_social_options":{"image_generator_settings":{"template":"highway","enabled":false}}},"categories":[2],"tags":[],"jetpack_publicize_connections":[],"jetpack_featured_media_url":"","jetpack_sharing_enabled":true,"jetpack_shortlink":"https:\/\/wp.me\/paFpWR-VZ","_links":{"self":[{"href":"https:\/\/bonettiassociados.com.br\/index.php\/wp-json\/wp\/v2\/posts\/3595"}],"collection":[{"href":"https:\/\/bonettiassociados.com.br\/index.php\/wp-json\/wp\/v2\/posts"}],"about":[{"href":"https:\/\/bonettiassociados.com.br\/index.php\/wp-json\/wp\/v2\/types\/post"}],"author":[{"embeddable":true,"href":"https:\/\/bonettiassociados.com.br\/index.php\/wp-json\/wp\/v2\/users\/6"}],"replies":[{"embeddable":true,"href":"https:\/\/bonettiassociados.com.br\/index.php\/wp-json\/wp\/v2\/comments?post=3595"}],"version-history":[{"count":1,"href":"https:\/\/bonettiassociados.com.br\/index.php\/wp-json\/wp\/v2\/posts\/3595\/revisions"}],"predecessor-version":[{"id":3596,"href":"https:\/\/bonettiassociados.com.br\/index.php\/wp-json\/wp\/v2\/posts\/3595\/revisions\/3596"}],"wp:attachment":[{"href":"https:\/\/bonettiassociados.com.br\/index.php\/wp-json\/wp\/v2\/media?parent=3595"}],"wp:term":[{"taxonomy":"category","embeddable":true,"href":"https:\/\/bonettiassociados.com.br\/index.php\/wp-json\/wp\/v2\/categories?post=3595"},{"taxonomy":"post_tag","embeddable":true,"href":"https:\/\/bonettiassociados.com.br\/index.php\/wp-json\/wp\/v2\/tags?post=3595"}],"curies":[{"name":"wp","href":"https:\/\/api.w.org\/{rel}","templated":true}]}}