{"id":3591,"date":"2019-07-23T11:45:59","date_gmt":"2019-07-23T14:45:59","guid":{"rendered":"http:\/\/bonettiassociados.com.br\/?p=3591"},"modified":"2019-07-23T11:45:59","modified_gmt":"2019-07-23T14:45:59","slug":"credito-apos-pedido-de-recuperacao-deve-ir-ao-quadro-geral-de-credores-diz-stj","status":"publish","type":"post","link":"https:\/\/bonettiassociados.com.br\/index.php\/2019\/07\/23\/credito-apos-pedido-de-recuperacao-deve-ir-ao-quadro-geral-de-credores-diz-stj\/","title":{"rendered":"CR\u00c9DITO AP\u00d3S PEDIDO DE RECUPERA\u00c7\u00c3O DEVE IR AO QUADRO GERAL DE CREDORES, DIZ STJ"},"content":{"rendered":"<p style=\"text-align: justify;\"><span style=\"font-family: arial, helvetica, sans-serif;\">O cr\u00e9dito oriundo de condena\u00e7\u00e3o trabalhista imposta ap\u00f3s o pedido de recupera\u00e7\u00e3o judicial da empresa deve ser inscrito no quadro geral de credores da empresa. O entendimento \u00e9 da 3\u00aa Turma do Superior Tribunal de Justi\u00e7a. O ac\u00f3rd\u00e3o \u00e9 do dia 16\/5.<\/span><!--more--><\/p>\n<p style=\"text-align: justify;\"><span style=\"font-family: arial, helvetica, sans-serif;\">Na a\u00e7\u00e3o, prevaleceu entendimento da relatora, ministra Nancy Andrighi. Ela levou em considera\u00e7\u00e3o o artigo 49 da Lei de Fal\u00eancias e Recupera\u00e7\u00e3o de Empresas (LFRE), que diz que o cr\u00e9dito trabalhista n\u00e3o se constitui na decis\u00e3o judicial que o reconhece, mas na pr\u00f3pria presta\u00e7\u00e3o laboral. Por isso, deve passar a integrar a lista de credores, em vez de ser pago imediatamente ao trabalhador.<\/span><\/p>\n<p style=\"text-align: justify;\"><span style=\"font-family: arial, helvetica, sans-serif;\">&#8220;Tratando-se, como na esp\u00e9cie, de v\u00ednculo jur\u00eddico decorrente de rela\u00e7\u00e3o de trabalho, a constitui\u00e7\u00e3o do cr\u00e9dito correspondente n\u00e3o se d\u00e1 com a prola\u00e7\u00e3o da decis\u00e3o judicial que o reconhece e o quantifica, mas desde a presta\u00e7\u00e3o da atividade laboral&#8221;, diz.<\/span><\/p>\n<p style=\"text-align: justify;\"><span style=\"font-family: arial, helvetica, sans-serif;\">Segundo a ministra, a LFRE determina que, quando se tratar de a\u00e7\u00e3o sobre quantia il\u00edquida, cujo processamento n\u00e3o \u00e9 suspenso pelo pedido de recupera\u00e7\u00e3o, o cr\u00e9dito decorrente da senten\u00e7a deve ser inclu\u00eddo no quadro geral de credores, podendo o ju\u00edzo onde ela tramita, inclusive, determinar a reserva de valor para a satisfa\u00e7\u00e3o da obriga\u00e7\u00e3o, conforme preceitua o artigo 6\u00ba, par\u00e1grafos 1\u00ba e 3\u00ba.<\/span><\/p>\n<p style=\"text-align: justify;\"><span style=\"font-family: arial, helvetica, sans-serif;\">&#8220;Especificamente acerca do cr\u00e9dito derivado de rela\u00e7\u00e3o de trabalho, o par\u00e1grafo 2\u00ba do mesmo dispositivo estabelece que deve ele ser inscrito no quadro geral de credores pelo valor apurado na senten\u00e7a proferida pela Justi\u00e7a especializada, facultando-se ao credor, inclusive, pleitear sua habilita\u00e7\u00e3o diretamente perante o administrador judicial&#8221;, afirma.<\/span><\/p>\n<p style=\"text-align: justify;\"><span style=\"font-family: arial, helvetica, sans-serif;\">Recurso<\/span><\/p>\n<p style=\"text-align: justify;\"><span style=\"font-family: arial, helvetica, sans-serif;\">O colegiado analisou um recurso de uma a\u00e7\u00e3o de recupera\u00e7\u00e3o judicial de uma empresa de vigil\u00e2ncia. O Tribunal de Justi\u00e7a do Rio Grande do Sul tinha negado o pedido de habilita\u00e7\u00e3o de cr\u00e9dito estabelecido por senten\u00e7a trabalhista, formulado por um dos empregados, sob o fundamento de que tal cr\u00e9dito teria sido reconhecido judicialmente somente ap\u00f3s o in\u00edcio da recupera\u00e7\u00e3o.<\/span><\/p>\n<p style=\"text-align: justify;\"><span style=\"font-family: arial, helvetica, sans-serif;\">No recurso apresentado ao STJ, o empregado sustentou que o cr\u00e9dito trabalhista pleiteado j\u00e1 existia na data do pedido de recupera\u00e7\u00e3o judicial, tendo ocorrido apenas seu reconhecimento, em momento posterior, pelo ju\u00edzo trabalhista.<\/span><\/p>\n<p style=\"text-align: justify;\">\n<p style=\"text-align: justify;\"><span style=\"font-family: arial, helvetica, sans-serif;\">Acrescentou, ainda, que a habilita\u00e7\u00e3o pretendida \u00e9 objeto de concord\u00e2ncia por parte do credor, da empresa em recupera\u00e7\u00e3o e do administrador judicial \u2013 o que demonstra que o acolhimento do pedido n\u00e3o causaria preju\u00edzo \u00e0 preserva\u00e7\u00e3o da empresa.<\/span><\/p>\n<p style=\"text-align: justify;\"><span style=\"font-family: arial, helvetica, sans-serif;\">Clique aqui para ler o ac\u00f3rd\u00e3o.<\/span><\/p>\n<p style=\"text-align: justify;\"><span style=\"font-family: arial, helvetica, sans-serif;\">RESp 1.721.993<\/span><\/p>\n<p style=\"text-align: justify;\"><span style=\"font-family: arial, helvetica, sans-serif;\"><strong>FONTE: Conjur \u2013 Por Gabriela Coelho<\/strong><\/span><\/p>\n","protected":false},"excerpt":{"rendered":"<p>O cr\u00e9dito oriundo de condena\u00e7\u00e3o trabalhista imposta ap\u00f3s o pedido [&hellip;]<\/p>\n","protected":false},"author":6,"featured_media":0,"comment_status":"closed","ping_status":"open","sticky":false,"template":"","format":"standard","meta":{"jetpack_post_was_ever_published":false,"_jetpack_newsletter_access":"","_jetpack_dont_email_post_to_subs":false,"_jetpack_newsletter_tier_id":0,"_jetpack_memberships_contains_paywalled_content":false,"footnotes":"","_jetpack_memberships_contains_paid_content":false,"jetpack_publicize_message":"","jetpack_publicize_feature_enabled":true,"jetpack_social_post_already_shared":true,"jetpack_social_options":{"image_generator_settings":{"template":"highway","enabled":false}}},"categories":[2],"tags":[],"jetpack_publicize_connections":[],"jetpack_featured_media_url":"","jetpack_sharing_enabled":true,"jetpack_shortlink":"https:\/\/wp.me\/paFpWR-VV","_links":{"self":[{"href":"https:\/\/bonettiassociados.com.br\/index.php\/wp-json\/wp\/v2\/posts\/3591"}],"collection":[{"href":"https:\/\/bonettiassociados.com.br\/index.php\/wp-json\/wp\/v2\/posts"}],"about":[{"href":"https:\/\/bonettiassociados.com.br\/index.php\/wp-json\/wp\/v2\/types\/post"}],"author":[{"embeddable":true,"href":"https:\/\/bonettiassociados.com.br\/index.php\/wp-json\/wp\/v2\/users\/6"}],"replies":[{"embeddable":true,"href":"https:\/\/bonettiassociados.com.br\/index.php\/wp-json\/wp\/v2\/comments?post=3591"}],"version-history":[{"count":1,"href":"https:\/\/bonettiassociados.com.br\/index.php\/wp-json\/wp\/v2\/posts\/3591\/revisions"}],"predecessor-version":[{"id":3592,"href":"https:\/\/bonettiassociados.com.br\/index.php\/wp-json\/wp\/v2\/posts\/3591\/revisions\/3592"}],"wp:attachment":[{"href":"https:\/\/bonettiassociados.com.br\/index.php\/wp-json\/wp\/v2\/media?parent=3591"}],"wp:term":[{"taxonomy":"category","embeddable":true,"href":"https:\/\/bonettiassociados.com.br\/index.php\/wp-json\/wp\/v2\/categories?post=3591"},{"taxonomy":"post_tag","embeddable":true,"href":"https:\/\/bonettiassociados.com.br\/index.php\/wp-json\/wp\/v2\/tags?post=3591"}],"curies":[{"name":"wp","href":"https:\/\/api.w.org\/{rel}","templated":true}]}}