{"id":3589,"date":"2019-07-23T11:44:25","date_gmt":"2019-07-23T14:44:25","guid":{"rendered":"http:\/\/bonettiassociados.com.br\/?p=3589"},"modified":"2019-07-23T11:44:25","modified_gmt":"2019-07-23T14:44:25","slug":"receita-federal-recebe-prazo-para-analisar-pedido-de-compensacao-de-credito","status":"publish","type":"post","link":"https:\/\/bonettiassociados.com.br\/index.php\/2019\/07\/23\/receita-federal-recebe-prazo-para-analisar-pedido-de-compensacao-de-credito\/","title":{"rendered":"RECEITA FEDERAL RECEBE PRAZO PARA ANALISAR PEDIDO DE COMPENSA\u00c7\u00c3O DE CR\u00c9DITO"},"content":{"rendered":"<p style=\"text-align: justify;\"><span style=\"font-family: arial, helvetica, sans-serif;\">A falta de pessoal nas reparti\u00e7\u00f5es p\u00fablicas, em fun\u00e7\u00e3o das f\u00e9rias de inverno, n\u00e3o pode deixar o contribuinte indefinidamente sem resposta sobre o pedido administrativo, em face dos potenciais riscos de preju\u00edzos.<\/span><!--more--><\/p>\n<p style=\"text-align: justify;\"><span style=\"font-family: arial, helvetica, sans-serif;\">Por isso, a 13\u00aa Vara Federal de Porto Alegre deferiu parcialmente uma medida liminar para obrigar a Delegacia da Receita Federal na Capital ga\u00facha a analisar, em determinado prazo, um pedido de habilita\u00e7\u00e3o de cr\u00e9dito decorrente de decis\u00e3o transitada em julgado.<\/span><\/p>\n<p style=\"text-align: justify;\"><span style=\"font-family: arial, helvetica, sans-serif;\">O pedido da parte autora, uma rede de lojas de materiais de constru\u00e7\u00e3o, foi protocolado em 31 de dezembro de 2018 e n\u00e3o havia recebido nenhum despacho at\u00e9 a data do ajuizamento do Mandado de Seguran\u00e7a em face do fisco federal.<\/span><\/p>\n<p style=\"text-align: justify;\"><span style=\"font-family: arial, helvetica, sans-serif;\">O juiz federal Ricardo N\u00fcske, primeiro, citou o par\u00e1grafo 3\u00ba do artigo 100 da Instru\u00e7\u00e3o Normativa 1.717\/2017 da Receita federal do Brasil, que estabelece o prazo de 30 dias para que seja proferido despacho decis\u00f3rio sobre pedido de habilita\u00e7\u00e3o do cr\u00e9dito. Em seguida, atendendo o &#8220;interesse p\u00fablico, que exige a correta aprecia\u00e7\u00e3o do pedido, especialmente tendo em vista seu montante&#8221;, definiu como &#8220;prazo razo\u00e1vel&#8221; at\u00e9 o dia 1\u00ba de agosto.<\/span><\/p>\n<p style=\"text-align: justify;\"><span style=\"font-family: arial, helvetica, sans-serif;\">A demanda \u00e9 um reflexo da decis\u00e3o do Supremo Tribunal Federal, tomada em mar\u00e7o de 2017, com repercuss\u00e3o geral, que excluiu o ICMS da base de c\u00e1lculo das contribui\u00e7\u00f5es para o PIS e a Cofins. A parte autora, como outros contribuintes, reclamou que n\u00e3o vem conseguindo compensar esse cr\u00e9dito \u2013 por pagamento considerado indevido \u2013, diante da in\u00e9rcia da Receita em analisar os pedidos.<\/span><\/p>\n<p style=\"text-align: justify;\"><span style=\"font-family: arial, helvetica, sans-serif;\">O despacho liminar, em Mandado de Seguran\u00e7a, foi proferido em 19\/7.<\/span><\/p>\n<p style=\"text-align: justify;\"><span style=\"font-family: arial, helvetica, sans-serif;\">Clique aqui para ler o despacho.<\/span><\/p>\n<p style=\"text-align: justify;\"><span style=\"font-family: arial, helvetica, sans-serif;\">Mandado de seguran\u00e7a 5044854-21.2019.4.04.7100\/RS<\/span><\/p>\n<p style=\"text-align: justify;\"><span style=\"font-family: arial, helvetica, sans-serif;\"><strong>FONTE: Conjur \u2013 Por Jomar Martins<\/strong><\/span><\/p>\n","protected":false},"excerpt":{"rendered":"<p>A falta de pessoal nas reparti\u00e7\u00f5es p\u00fablicas, em fun\u00e7\u00e3o das [&hellip;]<\/p>\n","protected":false},"author":6,"featured_media":0,"comment_status":"closed","ping_status":"open","sticky":false,"template":"","format":"standard","meta":{"jetpack_post_was_ever_published":false,"_jetpack_newsletter_access":"","_jetpack_dont_email_post_to_subs":false,"_jetpack_newsletter_tier_id":0,"_jetpack_memberships_contains_paywalled_content":false,"footnotes":"","_jetpack_memberships_contains_paid_content":false,"jetpack_publicize_message":"","jetpack_publicize_feature_enabled":true,"jetpack_social_post_already_shared":true,"jetpack_social_options":{"image_generator_settings":{"template":"highway","enabled":false}}},"categories":[2],"tags":[],"jetpack_publicize_connections":[],"jetpack_featured_media_url":"","jetpack_sharing_enabled":true,"jetpack_shortlink":"https:\/\/wp.me\/paFpWR-VT","_links":{"self":[{"href":"https:\/\/bonettiassociados.com.br\/index.php\/wp-json\/wp\/v2\/posts\/3589"}],"collection":[{"href":"https:\/\/bonettiassociados.com.br\/index.php\/wp-json\/wp\/v2\/posts"}],"about":[{"href":"https:\/\/bonettiassociados.com.br\/index.php\/wp-json\/wp\/v2\/types\/post"}],"author":[{"embeddable":true,"href":"https:\/\/bonettiassociados.com.br\/index.php\/wp-json\/wp\/v2\/users\/6"}],"replies":[{"embeddable":true,"href":"https:\/\/bonettiassociados.com.br\/index.php\/wp-json\/wp\/v2\/comments?post=3589"}],"version-history":[{"count":1,"href":"https:\/\/bonettiassociados.com.br\/index.php\/wp-json\/wp\/v2\/posts\/3589\/revisions"}],"predecessor-version":[{"id":3590,"href":"https:\/\/bonettiassociados.com.br\/index.php\/wp-json\/wp\/v2\/posts\/3589\/revisions\/3590"}],"wp:attachment":[{"href":"https:\/\/bonettiassociados.com.br\/index.php\/wp-json\/wp\/v2\/media?parent=3589"}],"wp:term":[{"taxonomy":"category","embeddable":true,"href":"https:\/\/bonettiassociados.com.br\/index.php\/wp-json\/wp\/v2\/categories?post=3589"},{"taxonomy":"post_tag","embeddable":true,"href":"https:\/\/bonettiassociados.com.br\/index.php\/wp-json\/wp\/v2\/tags?post=3589"}],"curies":[{"name":"wp","href":"https:\/\/api.w.org\/{rel}","templated":true}]}}