{"id":3585,"date":"2019-07-23T11:42:15","date_gmt":"2019-07-23T14:42:15","guid":{"rendered":"http:\/\/bonettiassociados.com.br\/?p=3585"},"modified":"2019-07-23T11:42:15","modified_gmt":"2019-07-23T14:42:15","slug":"por-ordem-do-cnj-tj-sp-revisa-lista-de-precatorios-ainda-nao-pagos","status":"publish","type":"post","link":"https:\/\/bonettiassociados.com.br\/index.php\/2019\/07\/23\/por-ordem-do-cnj-tj-sp-revisa-lista-de-precatorios-ainda-nao-pagos\/","title":{"rendered":"POR ORDEM DO CNJ, TJ-SP REVISA LISTA DE PRECAT\u00d3RIOS AINDA N\u00c3O PAGOS"},"content":{"rendered":"<p style=\"text-align: justify;\"><span style=\"font-family: arial, helvetica, sans-serif;\">Por determina\u00e7\u00e3o do Conselho Nacional de Justi\u00e7a, o Tribunal de Justi\u00e7a de S\u00e3o Paulo est\u00e1 revisando todas as listas de precat\u00f3rios pendentes de pagamento. A decis\u00e3o \u00e9 do corregedor-nacional de Justi\u00e7a, ministro Humberto Martins, em um pedido de provid\u00eancias formulado por um cidad\u00e3o que aguarda recebimento de precat\u00f3rios do munic\u00edpio de S\u00e3o Paulo.<\/span><!--more--><\/p>\n<p style=\"text-align: justify;\"><span style=\"font-family: arial, helvetica, sans-serif;\">Ele afirmou que, em fevereiro deste ano, ocupava a posi\u00e7\u00e3o 2.013 na ordem de pagamento. Por\u00e9m, em maio, teria ca\u00eddo para o n\u00famero 2.025, o que o levou a acionar o CNJ. O TJ-SP informou que a mudan\u00e7a de posi\u00e7\u00e3o acontece em raz\u00e3o de requisi\u00e7\u00f5es complementares, ou seja, pagamentos que foram feitos em valores menores que o determinado pelo ju\u00edzo de execu\u00e7\u00e3o.<\/span><\/p>\n<p style=\"text-align: justify;\"><span style=\"font-family: arial, helvetica, sans-serif;\">O tribunal entende que esse precat\u00f3rio complementar deve ocupar a mesma posi\u00e7\u00e3o na ordem cronol\u00f3gica do precat\u00f3rio primitivo. Mas, para Humberto Martins, a sistem\u00e1tica ofende as normas do art. 100, caput, da Constitui\u00e7\u00e3o, que estabelece a observ\u00e2ncia da ordem cronol\u00f3gica de apresenta\u00e7\u00e3o dos precat\u00f3rios como pilar fundamental para o pagamento das requisi\u00e7\u00f5es contra a Fazenda P\u00fablica.<\/span><\/p>\n<p style=\"text-align: justify;\"><span style=\"font-family: arial, helvetica, sans-serif;\">\u201cPode-se afirmar que a norma constitucional n\u00e3o veda a expedi\u00e7\u00e3o de novo precat\u00f3rio que visa complementar um pagamento realizado a menor, j\u00e1 que deve respeitar o direito \u00e0 propriedade, o direito adquirido e a coisa julgada. Mas esse novo precat\u00f3rio, denominado comumente como \u201ccomplementar\u201d, deve ocupar lugar relativo \u00e0 sua data de apresenta\u00e7\u00e3o, n\u00e3o havendo nenhuma vincula\u00e7\u00e3o com a data de apresenta\u00e7\u00e3o do precat\u00f3rio primitivo\u201d, afirmou.<\/span><\/p>\n<p style=\"text-align: justify;\"><span style=\"font-family: arial, helvetica, sans-serif;\">Segundo o ministro, o precat\u00f3rio \u201ccomplementar\u201d deve ser recebido como um novo precat\u00f3rio, entrando no final da lista de pagamento, sem rela\u00e7\u00e3o com a data de apresenta\u00e7\u00e3o do precat\u00f3rio \u201cprimitivo\u201d. Por isso, ele acolheu parcialmente o pedido formulado e determinou ao TJ-SP que reposicione o precat\u00f3rio do requerente na lista de ordem cronol\u00f3gica. A classifica\u00e7\u00e3o atualizada e corrigida dever\u00e1 ser republicada.<\/span><\/p>\n<p style=\"text-align: justify;\"><span style=\"font-family: arial, helvetica, sans-serif;\">O TJ-SP tamb\u00e9m deve revisar as listas de ordem cronol\u00f3gica de precat\u00f3rios de todos os entes p\u00fablicos devedores, adotando os par\u00e2metros estabelecidos pelo CNJ, comunicando a sua republica\u00e7\u00e3o nos autos no prazo de 60 dias. Pelo Di\u00e1rio da Justi\u00e7a Eletr\u00f4nico, o tribunal comunicou que j\u00e1 est\u00e1 promovendo a revis\u00e3o.<\/span><\/p>\n<p style=\"text-align: justify;\"><span style=\"font-family: arial, helvetica, sans-serif;\">Pedido de provid\u00eancias 0003340-15.2019.2.00.0000<\/span><\/p>\n<p style=\"text-align: justify;\"><span style=\"font-family: arial, helvetica, sans-serif;\"><strong>FONTE: Conjur \u2013 Por T\u00e1bata Viapiana<\/strong><\/span><\/p>\n","protected":false},"excerpt":{"rendered":"<p>Por determina\u00e7\u00e3o do Conselho Nacional de Justi\u00e7a, o Tribunal de [&hellip;]<\/p>\n","protected":false},"author":6,"featured_media":0,"comment_status":"closed","ping_status":"open","sticky":false,"template":"","format":"standard","meta":{"jetpack_post_was_ever_published":false,"_jetpack_newsletter_access":"","_jetpack_dont_email_post_to_subs":false,"_jetpack_newsletter_tier_id":0,"_jetpack_memberships_contains_paywalled_content":false,"footnotes":"","_jetpack_memberships_contains_paid_content":false,"jetpack_publicize_message":"","jetpack_publicize_feature_enabled":true,"jetpack_social_post_already_shared":true,"jetpack_social_options":{"image_generator_settings":{"template":"highway","enabled":false}}},"categories":[2],"tags":[],"jetpack_publicize_connections":[],"jetpack_featured_media_url":"","jetpack_sharing_enabled":true,"jetpack_shortlink":"https:\/\/wp.me\/paFpWR-VP","_links":{"self":[{"href":"https:\/\/bonettiassociados.com.br\/index.php\/wp-json\/wp\/v2\/posts\/3585"}],"collection":[{"href":"https:\/\/bonettiassociados.com.br\/index.php\/wp-json\/wp\/v2\/posts"}],"about":[{"href":"https:\/\/bonettiassociados.com.br\/index.php\/wp-json\/wp\/v2\/types\/post"}],"author":[{"embeddable":true,"href":"https:\/\/bonettiassociados.com.br\/index.php\/wp-json\/wp\/v2\/users\/6"}],"replies":[{"embeddable":true,"href":"https:\/\/bonettiassociados.com.br\/index.php\/wp-json\/wp\/v2\/comments?post=3585"}],"version-history":[{"count":1,"href":"https:\/\/bonettiassociados.com.br\/index.php\/wp-json\/wp\/v2\/posts\/3585\/revisions"}],"predecessor-version":[{"id":3586,"href":"https:\/\/bonettiassociados.com.br\/index.php\/wp-json\/wp\/v2\/posts\/3585\/revisions\/3586"}],"wp:attachment":[{"href":"https:\/\/bonettiassociados.com.br\/index.php\/wp-json\/wp\/v2\/media?parent=3585"}],"wp:term":[{"taxonomy":"category","embeddable":true,"href":"https:\/\/bonettiassociados.com.br\/index.php\/wp-json\/wp\/v2\/categories?post=3585"},{"taxonomy":"post_tag","embeddable":true,"href":"https:\/\/bonettiassociados.com.br\/index.php\/wp-json\/wp\/v2\/tags?post=3585"}],"curies":[{"name":"wp","href":"https:\/\/api.w.org\/{rel}","templated":true}]}}