{"id":3583,"date":"2019-07-23T11:41:02","date_gmt":"2019-07-23T14:41:02","guid":{"rendered":"http:\/\/bonettiassociados.com.br\/?p=3583"},"modified":"2019-07-23T11:41:02","modified_gmt":"2019-07-23T14:41:02","slug":"receita-federal-nao-pode-reter-mercadoria-para-reclassificacao-fiscal-diz-justica","status":"publish","type":"post","link":"https:\/\/bonettiassociados.com.br\/index.php\/2019\/07\/23\/receita-federal-nao-pode-reter-mercadoria-para-reclassificacao-fiscal-diz-justica\/","title":{"rendered":"RECEITA FEDERAL N\u00c3O PODE RETER MERCADORIA PARA RECLASSIFICA\u00c7\u00c3O FISCAL, DIZ JUSTI\u00c7A"},"content":{"rendered":"<p style=\"text-align: justify;\"><span style=\"font-family: arial, helvetica, sans-serif;\">A Receita Federal n\u00e3o pode reter mercadoria de importa\u00e7\u00e3o para eventual reclassifica\u00e7\u00e3o fiscal. O entendimento \u00e9 do juiz Francisco Alexandre Ribeiro, da 8\u00aa Vara Federal do Distrito Federal, que determinou a libera\u00e7\u00e3o de mercadoria apreendida devido a um erro de classifica\u00e7\u00e3o fiscal. A decis\u00e3o \u00e9 do dia 13\/6o.<\/span><!--more--><\/p>\n<p style=\"text-align: justify;\"><span style=\"font-family: arial, helvetica, sans-serif;\">Na decis\u00e3o, o magistrado afirma que a jurisprud\u00eancia da S\u00famula 323 do Supremo Tribunal Federal afirma que \u00e9 juridicamente imposs\u00edvel apreender mercadorias como forma de obrigar a empresa a pagar tributos decorrentes de erro na classifica\u00e7\u00e3o fiscal no momento do desembarque aduaneiro.<\/span><\/p>\n<p style=\"text-align: justify;\"><span style=\"font-family: arial, helvetica, sans-serif;\">&#8220;O Fisco n\u00e3o pode utilizar-se da reten\u00e7\u00e3o de mercadoria como forma de impor o recebimento de tributo ou exigir cau\u00e7\u00e3o para sua libera\u00e7\u00e3o, sendo arbitr\u00e1ria a reten\u00e7\u00e3o de mercadoria importada, atrav\u00e9s da interrup\u00e7\u00e3o do despacho aduaneiro para reclassifica\u00e7\u00e3o fiscal, com objetivo \u00fanico de assegurar o cumprimento da obriga\u00e7\u00e3o&#8221;, aponta.<\/span><\/p>\n<p style=\"text-align: justify;\"><span style=\"font-family: arial, helvetica, sans-serif;\">Segundo o juiz, n\u00e3o h\u00e1, no caso analisado, nenhuma suspeita de contrabando ou oculta\u00e7\u00e3o fraudulenta que impe\u00e7a a libera\u00e7\u00e3o das mercadorias, raz\u00e3o pela qual se deve reconhecer a proced\u00eancia do pedido.<\/span><\/p>\n<p style=\"text-align: justify;\"><span style=\"font-family: arial, helvetica, sans-serif;\">Caso<\/span><\/p>\n<p style=\"text-align: justify;\"><span style=\"font-family: arial, helvetica, sans-serif;\">No processo, o magistrado analisou um despacho aduaneiro interrompido em virtude de suposto erro na classifica\u00e7\u00e3o fiscal das mercadorias importadas.<\/span><\/p>\n<p style=\"text-align: justify;\"><span style=\"font-family: arial, helvetica, sans-serif;\">A importadora, representada pelo advogado Augusto Fauvel, afirmou que as mercadorias n\u00e3o eram brinquedos, mas lumin\u00e1rias com motivos infantis, e por isso a classifica\u00e7\u00e3o fiscal estaria correta. A Alf\u00e2ndega, entretanto, discordou, e reteve as mercadorias.<\/span><\/p>\n<p style=\"text-align: justify;\"><span style=\"font-family: arial, helvetica, sans-serif;\">Clique aqui para ler a senten\u00e7a.<\/span><\/p>\n<p style=\"text-align: justify;\"><span style=\"font-family: arial, helvetica, sans-serif;\">1001170-77.2018.4.01.3400<\/span><\/p>\n<p style=\"text-align: justify;\"><span style=\"font-family: arial, helvetica, sans-serif;\"><strong>FONTE: Conjur \u2013 Por Gabriela Coelho<\/strong><\/span><\/p>\n","protected":false},"excerpt":{"rendered":"<p>A Receita Federal n\u00e3o pode reter mercadoria de importa\u00e7\u00e3o para [&hellip;]<\/p>\n","protected":false},"author":6,"featured_media":0,"comment_status":"closed","ping_status":"open","sticky":false,"template":"","format":"standard","meta":{"jetpack_post_was_ever_published":false,"_jetpack_newsletter_access":"","_jetpack_dont_email_post_to_subs":false,"_jetpack_newsletter_tier_id":0,"_jetpack_memberships_contains_paywalled_content":false,"footnotes":"","_jetpack_memberships_contains_paid_content":false,"jetpack_publicize_message":"","jetpack_publicize_feature_enabled":true,"jetpack_social_post_already_shared":true,"jetpack_social_options":{"image_generator_settings":{"template":"highway","enabled":false}}},"categories":[2],"tags":[],"jetpack_publicize_connections":[],"jetpack_featured_media_url":"","jetpack_sharing_enabled":true,"jetpack_shortlink":"https:\/\/wp.me\/paFpWR-VN","_links":{"self":[{"href":"https:\/\/bonettiassociados.com.br\/index.php\/wp-json\/wp\/v2\/posts\/3583"}],"collection":[{"href":"https:\/\/bonettiassociados.com.br\/index.php\/wp-json\/wp\/v2\/posts"}],"about":[{"href":"https:\/\/bonettiassociados.com.br\/index.php\/wp-json\/wp\/v2\/types\/post"}],"author":[{"embeddable":true,"href":"https:\/\/bonettiassociados.com.br\/index.php\/wp-json\/wp\/v2\/users\/6"}],"replies":[{"embeddable":true,"href":"https:\/\/bonettiassociados.com.br\/index.php\/wp-json\/wp\/v2\/comments?post=3583"}],"version-history":[{"count":1,"href":"https:\/\/bonettiassociados.com.br\/index.php\/wp-json\/wp\/v2\/posts\/3583\/revisions"}],"predecessor-version":[{"id":3584,"href":"https:\/\/bonettiassociados.com.br\/index.php\/wp-json\/wp\/v2\/posts\/3583\/revisions\/3584"}],"wp:attachment":[{"href":"https:\/\/bonettiassociados.com.br\/index.php\/wp-json\/wp\/v2\/media?parent=3583"}],"wp:term":[{"taxonomy":"category","embeddable":true,"href":"https:\/\/bonettiassociados.com.br\/index.php\/wp-json\/wp\/v2\/categories?post=3583"},{"taxonomy":"post_tag","embeddable":true,"href":"https:\/\/bonettiassociados.com.br\/index.php\/wp-json\/wp\/v2\/tags?post=3583"}],"curies":[{"name":"wp","href":"https:\/\/api.w.org\/{rel}","templated":true}]}}