{"id":3579,"date":"2019-07-23T11:38:31","date_gmt":"2019-07-23T14:38:31","guid":{"rendered":"http:\/\/bonettiassociados.com.br\/?p=3579"},"modified":"2019-07-23T11:38:31","modified_gmt":"2019-07-23T14:38:31","slug":"plenario-do-stf-pode-analisar-questoes-trabalhistas-na-volta-do-recesso","status":"publish","type":"post","link":"https:\/\/bonettiassociados.com.br\/index.php\/2019\/07\/23\/plenario-do-stf-pode-analisar-questoes-trabalhistas-na-volta-do-recesso\/","title":{"rendered":"PLEN\u00c1RIO DO STF PODE ANALISAR QUEST\u00d5ES TRABALHISTAS NA VOLTA DO RECESSO"},"content":{"rendered":"<p style=\"text-align: justify;\"><span style=\"font-family: arial, helvetica, sans-serif;\">O Supremo Tribunal Federal volta do recesso, no dia 1\u00ba\/8, debru\u00e7ado em temas trabalhistas com assuntos diversos como estabilidade, conven\u00e7\u00f5es coletivas e d\u00edvida trabalhista por terceiriza\u00e7\u00e3o pela Uni\u00e3o.<\/span><!--more--><\/p>\n<p style=\"text-align: justify;\"><span style=\"font-family: arial, helvetica, sans-serif;\">De acordo com a pauta, o primeiro a ser analisado deve ser o RE 760.931, em que embargos questionam decis\u00e3o da corte. Em 2017, o STF vedou a responsabiliza\u00e7\u00e3o autom\u00e1tica da administra\u00e7\u00e3o p\u00fablica, s\u00f3 cabendo sua condena\u00e7\u00e3o se houver prova inequ\u00edvoca de conduta omissiva ou comissiva na fiscaliza\u00e7\u00e3o dos contratos, conforme tese aprovada em proposta pelo ministro Luiz Fux, autor do voto vencedor no julgamento.<\/span><\/p>\n<p style=\"text-align: justify;\"><span style=\"font-family: arial, helvetica, sans-serif;\">Nos embargos, a Procuradoria-Geral do estado de S\u00e3o Paulo e a Associa\u00e7\u00e3o Brasileira das Secretarias de Finan\u00e7as das Capitais pedem que haja a exclus\u00e3o da tese fixada a express\u00e3o \u201cautomaticamente\u201d e esclarecendo-se que n\u00e3o h\u00e1 como se responsabilizar a administra\u00e7\u00e3o p\u00fablica pelos d\u00e9bitos trabalhistas da empresa contratada para a presta\u00e7\u00e3o de servi\u00e7os.<\/span><\/p>\n<p style=\"text-align: justify;\"><span style=\"font-family: arial, helvetica, sans-serif;\">Estabilidade<\/span><\/p>\n<p style=\"text-align: justify;\"><span style=\"font-family: arial, helvetica, sans-serif;\">Os ministros tamb\u00e9m devem votar o RE 716378, por meio do qual a Funda\u00e7\u00e3o Padre Anchieta (FPA) questiona na corte um ac\u00f3rd\u00e3o do Tribunal Superior do Trabalho que aplicou a estabilidade do artigo 19 do Ato das Disposi\u00e7\u00f5es Constitucionais Transit\u00f3rias (ADCT) a um funcion\u00e1rio dispensado sem justa causa em 2005, ap\u00f3s aposentadoria espont\u00e2nea em 1995.<\/span><\/p>\n<p style=\"text-align: justify;\"><span style=\"font-family: arial, helvetica, sans-serif;\">O dispositivo do ADCT afirma que os servidores que estavam em exerc\u00edcio na data da promulga\u00e7\u00e3o da Constitui\u00e7\u00e3o Federal (5 de outubro de 1988) h\u00e1 pelo menos cinco anos continuados seriam considerados est\u00e1veis no servi\u00e7o p\u00fablico.<\/span><\/p>\n<p style=\"text-align: justify;\"><span style=\"font-family: arial, helvetica, sans-serif;\">At\u00e9 o momento, apenas o relator do caso, ministro Dias Toffoli, manifestou-se pela inaplicabilidade da estabilidade constitucional para empregados da Funda\u00e7\u00e3o. A mat\u00e9ria teve repercuss\u00e3o geral reconhecida. O julgamento foi suspenso ap\u00f3s pedido de vista da ministra Rosa Weber.<\/span><\/p>\n<p style=\"text-align: justify;\"><span style=\"font-family: arial, helvetica, sans-serif;\">Conven\u00e7\u00f5es Coletivas<\/span><\/p>\n<p style=\"text-align: justify;\"><span style=\"font-family: arial, helvetica, sans-serif;\">Tamb\u00e9m est\u00e1 na pauta o julgamento conjunto das A\u00e7\u00f5es Diretas de Inconstitucionalidade (ADIs) 2200 e 2288, nas quais o plen\u00e1rio do STF analisa a validade de dispositivo inclu\u00eddo nas medidas complementares do Plano Real que revogou preceitos da Lei 8.542\/1992, que dispunham sobre a chamada ultratividade das conven\u00e7\u00f5es e acordos coletivos de trabalho.<\/span><\/p>\n<p style=\"text-align: justify;\"><span style=\"font-family: arial, helvetica, sans-serif;\">A ADI 2200 foi ajuizada pelo Partido Comunista do Brasil (PCdoB) e a ADI 2288 pela Confedera\u00e7\u00e3o Nacional dos Trabalhadores em Transportes Aquavi\u00e1rio, A\u00e9reo, na Pesca e nos Portos (CONTTMAF).\u00a0 Nas a\u00e7\u00f5es, os autores sustentam que a norma impugnada contraria v\u00e1rios dispositivos constitucionais, entre eles os que tratam de irredutibilidade de sal\u00e1rio e de reconhecimento das conven\u00e7\u00f5es e acordos coletivos de trabalho.<\/span><\/p>\n<p style=\"text-align: justify;\"><span style=\"font-family: arial, helvetica, sans-serif;\">Em seu voto, a relatora do caso, ministra C\u00e1rmen L\u00facia, afirmou que n\u00e3o procede o argumento presente nas duas ADIs de que teriam sido exclu\u00eddos direitos dos trabalhadores adquiridos em pactos coletivos.<\/span><\/p>\n<p style=\"text-align: justify;\"><span style=\"font-family: arial, helvetica, sans-serif;\">&#8220;Isso porque independente da exist\u00eancia de lei ordin\u00e1ria, permanecem h\u00edgidas no ordenamento jur\u00eddico brasileiro as normas constitucionais que asseguram o direito \u00e0 irredutibilidade do sal\u00e1rio, salvo disposto em conven\u00e7\u00e3o ou acordo coletivo, conforme prev\u00ea o artigo 7\u00ba (inciso VI) da Constitui\u00e7\u00e3o&#8221;, disse.<\/span><\/p>\n<p style=\"text-align: justify;\"><span style=\"font-family: arial, helvetica, sans-serif;\">A ministra votou pela improced\u00eancia das a\u00e7\u00f5es, sendo acompanhada pelos ministros Lu\u00eds Roberto Barroso, Teori Zavascki e Marco Aur\u00e9lio. A ministra Rosa Weber pediu vista, suspendendo o julgamento.<\/span><\/p>\n<p style=\"text-align: justify;\"><span style=\"font-family: arial, helvetica, sans-serif;\"><strong>FONTE: Conjur \u2013 Por Gabriela Coelho<\/strong><\/span><\/p>\n","protected":false},"excerpt":{"rendered":"<p>O Supremo Tribunal Federal volta do recesso, no dia 1\u00ba\/8, [&hellip;]<\/p>\n","protected":false},"author":6,"featured_media":0,"comment_status":"closed","ping_status":"open","sticky":false,"template":"","format":"standard","meta":{"jetpack_post_was_ever_published":false,"_jetpack_newsletter_access":"","_jetpack_dont_email_post_to_subs":false,"_jetpack_newsletter_tier_id":0,"_jetpack_memberships_contains_paywalled_content":false,"footnotes":"","_jetpack_memberships_contains_paid_content":false,"jetpack_publicize_message":"","jetpack_publicize_feature_enabled":true,"jetpack_social_post_already_shared":true,"jetpack_social_options":{"image_generator_settings":{"template":"highway","enabled":false}}},"categories":[2],"tags":[],"jetpack_publicize_connections":[],"jetpack_featured_media_url":"","jetpack_sharing_enabled":true,"jetpack_shortlink":"https:\/\/wp.me\/paFpWR-VJ","_links":{"self":[{"href":"https:\/\/bonettiassociados.com.br\/index.php\/wp-json\/wp\/v2\/posts\/3579"}],"collection":[{"href":"https:\/\/bonettiassociados.com.br\/index.php\/wp-json\/wp\/v2\/posts"}],"about":[{"href":"https:\/\/bonettiassociados.com.br\/index.php\/wp-json\/wp\/v2\/types\/post"}],"author":[{"embeddable":true,"href":"https:\/\/bonettiassociados.com.br\/index.php\/wp-json\/wp\/v2\/users\/6"}],"replies":[{"embeddable":true,"href":"https:\/\/bonettiassociados.com.br\/index.php\/wp-json\/wp\/v2\/comments?post=3579"}],"version-history":[{"count":1,"href":"https:\/\/bonettiassociados.com.br\/index.php\/wp-json\/wp\/v2\/posts\/3579\/revisions"}],"predecessor-version":[{"id":3580,"href":"https:\/\/bonettiassociados.com.br\/index.php\/wp-json\/wp\/v2\/posts\/3579\/revisions\/3580"}],"wp:attachment":[{"href":"https:\/\/bonettiassociados.com.br\/index.php\/wp-json\/wp\/v2\/media?parent=3579"}],"wp:term":[{"taxonomy":"category","embeddable":true,"href":"https:\/\/bonettiassociados.com.br\/index.php\/wp-json\/wp\/v2\/categories?post=3579"},{"taxonomy":"post_tag","embeddable":true,"href":"https:\/\/bonettiassociados.com.br\/index.php\/wp-json\/wp\/v2\/tags?post=3579"}],"curies":[{"name":"wp","href":"https:\/\/api.w.org\/{rel}","templated":true}]}}