{"id":3575,"date":"2019-07-23T11:34:59","date_gmt":"2019-07-23T14:34:59","guid":{"rendered":"http:\/\/bonettiassociados.com.br\/?p=3575"},"modified":"2019-07-23T11:34:59","modified_gmt":"2019-07-23T14:34:59","slug":"conselho-reduz-autuacao-contra-fundo-de-abilio-diniz","status":"publish","type":"post","link":"https:\/\/bonettiassociados.com.br\/index.php\/2019\/07\/23\/conselho-reduz-autuacao-contra-fundo-de-abilio-diniz\/","title":{"rendered":"CONSELHO REDUZ AUTUA\u00c7\u00c3O CONTRA FUNDO DE ABILIO DINIZ"},"content":{"rendered":"<p style=\"text-align: justify;\"><span style=\"font-family: arial, helvetica, sans-serif;\">A Pen\u00ednsula Participa\u00e7\u00f5es venceu, no Conselho Administrativo de Recursos Fiscais (Carf), a maior parte de uma disputa bilion\u00e1ria com a Receita Federal. A autua\u00e7\u00e3o \u00e9 referente a ganho de capital obtido pelo fundo do empres\u00e1rio Abilio Diniz na opera\u00e7\u00e3o que resultou na troca de comando do Grupo P\u00e3o de A\u00e7\u00facar, que passou a ser controlado pelo franc\u00eas Casino, em 2012.<\/span><!--more--><\/p>\n<p style=\"text-align: justify;\"><span style=\"font-family: arial, helvetica, sans-serif;\">A decis\u00e3o \u00e9 da 2\u00aa Turma da 3\u00aa C\u00e2mara da 1\u00aa Se\u00e7\u00e3o (processo n\u00ba 16561.720093\/2017-23). O fundo tem outros processos parecidos que aguardam julgamento, segundo fontes. A Pen\u00ednsula Participa\u00e7\u00f5es \u00e9 uma empresa de investimento privado fundada em 2006 pelo empres\u00e1rio. Atualmente, ela faz a gest\u00e3o de ativos da fam\u00edlia Diniz.<\/span><\/p>\n<p style=\"text-align: justify;\"><span style=\"font-family: arial, helvetica, sans-serif;\">A Receita Federal cobra Imposto de Renda (IRPJ) e CSLL na opera\u00e7\u00e3o de permuta realizada pelo empres\u00e1rio. Ele trocou suas a\u00e7\u00f5es ordin\u00e1rias por preferenciais. Na autua\u00e7\u00e3o, os tributos incidem sobre o valor de mercado das a\u00e7\u00f5es permutadas.<\/span><\/p>\n<p style=\"text-align: justify;\"><span style=\"font-family: arial, helvetica, sans-serif;\">O fundo alegou, no processo, que deveria ser usado o valor patrimonial e n\u00e3o o de mercado para calcular a diferen\u00e7a. O patrimonial \u00e9 o que est\u00e1 no balan\u00e7o das empresas e costuma ser menor que o de mercado, sujeito \u00e0s oscila\u00e7\u00f5es di\u00e1rias da bolsa de valores.<\/span><\/p>\n<p style=\"text-align: justify;\"><span style=\"font-family: arial, helvetica, sans-serif;\">No julgamento, a turma manteve a tributa\u00e7\u00e3o do ganho de capital, mas com a forma de c\u00e1lculo indicada pelo fundo, o que reduziu o valor da autua\u00e7\u00e3o. A base de c\u00e1lculo mudou de R$ 1,3 bilh\u00e3o para cerca de R$ 60 milh\u00f5es. Originalmente, a cobran\u00e7a era de cerca de R$ 1,5 bilh\u00e3o. Com a mudan\u00e7a, ficou por volta de R$ 10 milh\u00f5es.<\/span><\/p>\n<p style=\"text-align: justify;\"><span style=\"font-family: arial, helvetica, sans-serif;\">&#8220;A turma disse que a permuta \u00e9 tributada, mas pelo valor patrimonial&#8221;, afirma Roberto Quiroga Mosquera, s\u00f3cio do escrit\u00f3rio Mattos Filho, Veiga Filho, Marrey Jr e Quiroga Advogados. A decis\u00e3o seguiu parte de um precedente julgado pela C\u00e2mara Superior em 2016 envolvendo a Fibria. Na ocasi\u00e3o, os conselheiros decidiram que a permuta configura ganho de capital, mas n\u00e3o entraram no detalhe da conta.<\/span><\/p>\n<p style=\"text-align: justify;\"><span style=\"font-family: arial, helvetica, sans-serif;\">H\u00e1 uma segunda parte da autua\u00e7\u00e3o que cobrava tributos por causa de um aporte de a\u00e7\u00f5es. O Pen\u00ednsula fez um aporte de outras a\u00e7\u00f5es preferenciais da Companhia Brasileira de Distribui\u00e7\u00e3o em um fundo de investimento.<\/span><\/p>\n<p style=\"text-align: justify;\"><span style=\"font-family: arial, helvetica, sans-serif;\">A Receita Federal considerou que ele deveria ter feito capitaliza\u00e7\u00e3o por valor de mercado e, al\u00e9m disso, a reavalia\u00e7\u00e3o espont\u00e2nea de ativos. &#8220;A turma decidiu que essa posi\u00e7\u00e3o do Fisco estava errada. O Pen\u00ednsula n\u00e3o podia fazer reavalia\u00e7\u00e3o de ativos&#8221;, diz Quiroga. Os conselheiros ponderaram que, na \u00e9poca da opera\u00e7\u00e3o, as empresas n\u00e3o podiam reavaliar ativos. Por isso, essa parte da autua\u00e7\u00e3o foi cancelada.<\/span><\/p>\n<p style=\"text-align: justify;\"><span style=\"font-family: arial, helvetica, sans-serif;\">A Procuradoria-Geral da Fazenda Nacional (PGFN) ainda pode recorrer \u00e0 C\u00e2mara Superior, se encontrar precedente divergente sobre a mesma tese. Procurada, n\u00e3o deu retorno at\u00e9 o fechamento da edi\u00e7\u00e3o. A Pen\u00ednsula Participa\u00e7\u00f5es n\u00e3o quis comentar a decis\u00e3o.<\/span><\/p>\n<p style=\"text-align: justify;\"><span style=\"font-family: arial, helvetica, sans-serif;\"><strong>FONTE: Valor Econ\u00f4mico \u2013 Por Beatriz Olivon<\/strong><\/span><\/p>\n","protected":false},"excerpt":{"rendered":"<p>A Pen\u00ednsula Participa\u00e7\u00f5es venceu, no Conselho Administrativo de Recursos Fiscais [&hellip;]<\/p>\n","protected":false},"author":6,"featured_media":0,"comment_status":"closed","ping_status":"open","sticky":false,"template":"","format":"standard","meta":{"jetpack_post_was_ever_published":false,"_jetpack_newsletter_access":"","_jetpack_dont_email_post_to_subs":false,"_jetpack_newsletter_tier_id":0,"_jetpack_memberships_contains_paywalled_content":false,"footnotes":"","_jetpack_memberships_contains_paid_content":false,"jetpack_publicize_message":"","jetpack_publicize_feature_enabled":true,"jetpack_social_post_already_shared":true,"jetpack_social_options":{"image_generator_settings":{"template":"highway","enabled":false}}},"categories":[2],"tags":[],"jetpack_publicize_connections":[],"jetpack_featured_media_url":"","jetpack_sharing_enabled":true,"jetpack_shortlink":"https:\/\/wp.me\/paFpWR-VF","_links":{"self":[{"href":"https:\/\/bonettiassociados.com.br\/index.php\/wp-json\/wp\/v2\/posts\/3575"}],"collection":[{"href":"https:\/\/bonettiassociados.com.br\/index.php\/wp-json\/wp\/v2\/posts"}],"about":[{"href":"https:\/\/bonettiassociados.com.br\/index.php\/wp-json\/wp\/v2\/types\/post"}],"author":[{"embeddable":true,"href":"https:\/\/bonettiassociados.com.br\/index.php\/wp-json\/wp\/v2\/users\/6"}],"replies":[{"embeddable":true,"href":"https:\/\/bonettiassociados.com.br\/index.php\/wp-json\/wp\/v2\/comments?post=3575"}],"version-history":[{"count":1,"href":"https:\/\/bonettiassociados.com.br\/index.php\/wp-json\/wp\/v2\/posts\/3575\/revisions"}],"predecessor-version":[{"id":3576,"href":"https:\/\/bonettiassociados.com.br\/index.php\/wp-json\/wp\/v2\/posts\/3575\/revisions\/3576"}],"wp:attachment":[{"href":"https:\/\/bonettiassociados.com.br\/index.php\/wp-json\/wp\/v2\/media?parent=3575"}],"wp:term":[{"taxonomy":"category","embeddable":true,"href":"https:\/\/bonettiassociados.com.br\/index.php\/wp-json\/wp\/v2\/categories?post=3575"},{"taxonomy":"post_tag","embeddable":true,"href":"https:\/\/bonettiassociados.com.br\/index.php\/wp-json\/wp\/v2\/tags?post=3575"}],"curies":[{"name":"wp","href":"https:\/\/api.w.org\/{rel}","templated":true}]}}