{"id":3572,"date":"2019-07-22T13:14:57","date_gmt":"2019-07-22T16:14:57","guid":{"rendered":"http:\/\/bonettiassociados.com.br\/?p=3572"},"modified":"2019-07-22T13:14:57","modified_gmt":"2019-07-22T16:14:57","slug":"simples-nacional-receita-federal-inicia-emissao-de-autos-de-infracao-para-empresas-notificadas-por-meio-do-alerta-e-que-nao-se-autorregularizaram","status":"publish","type":"post","link":"https:\/\/bonettiassociados.com.br\/index.php\/2019\/07\/22\/simples-nacional-receita-federal-inicia-emissao-de-autos-de-infracao-para-empresas-notificadas-por-meio-do-alerta-e-que-nao-se-autorregularizaram\/","title":{"rendered":"SIMPLES NACIONAL &#8211; RECEITA FEDERAL INICIA EMISS\u00c3O DE AUTOS DE INFRA\u00c7\u00c3O PARA EMPRESAS NOTIFICADAS POR MEIO DO ALERTA E QUE N\u00c3O SE AUTORREGULARIZARAM"},"content":{"rendered":"<p style=\"text-align: justify;\"><span style=\"font-family: arial, helvetica, sans-serif;\">A Receita Federal iniciou a emiss\u00e3o dos autos de infra\u00e7\u00e3o para as empresas que receberam a comunica\u00e7\u00e3o, por meio do sistema Alerta, de diverg\u00eancias encontradas entre o total da receita bruta informada no Programa Gerador do Documento de Arrecada\u00e7\u00e3o do Simples Nacional &#8211; Declarat\u00f3rio (PGDAS-D) e os valores das notas fiscais eletr\u00f4nicas (NFe) de vendas emitidas, e que n\u00e3o se autorregularizaram.<\/span><!--more--><\/p>\n<p style=\"text-align: justify;\"><span style=\"font-family: arial, helvetica, sans-serif;\">Foi constru\u00edda uma nova ferramenta tecnol\u00f3gica que identifica as diverg\u00eancias, automatiza procedimentos e permite a emiss\u00e3o de grande n\u00famero de autos de infra\u00e7\u00e3o de forma r\u00e1pida e com baixo custo.<\/span><\/p>\n<p style=\"text-align: justify;\"><span style=\"font-family: arial, helvetica, sans-serif;\">As autua\u00e7\u00f5es ser\u00e3o realizadas em lotes crescentes de contribuintes.<\/span><\/p>\n<p style=\"text-align: justify;\"><span style=\"font-family: arial, helvetica, sans-serif;\">Os contribuintes autuados est\u00e3o sendo comunicados por meio do Domic\u00edlio Tribut\u00e1rio Eletr\u00f4nico no Portal do Simples Nacional.<\/span><\/p>\n<p style=\"text-align: justify;\"><span style=\"font-family: arial, helvetica, sans-serif;\">Enquanto n\u00e3o receber o auto de infra\u00e7\u00e3o, o contribuinte ainda pode retificar suas declara\u00e7\u00f5es e pagar os valores devidos sem a aplica\u00e7\u00e3o da multa de of\u00edcio.<\/span><\/p>\n<p style=\"text-align: justify;\"><span style=\"font-family: arial, helvetica, sans-serif;\"><strong>FONTE: Secretaria-Executiva do Comit\u00ea Gestor do Simples Nacional<\/strong><\/span><\/p>\n","protected":false},"excerpt":{"rendered":"<p>A Receita Federal iniciou a emiss\u00e3o dos autos de infra\u00e7\u00e3o [&hellip;]<\/p>\n","protected":false},"author":6,"featured_media":0,"comment_status":"closed","ping_status":"open","sticky":false,"template":"","format":"standard","meta":{"jetpack_post_was_ever_published":false,"_jetpack_newsletter_access":"","_jetpack_dont_email_post_to_subs":false,"_jetpack_newsletter_tier_id":0,"_jetpack_memberships_contains_paywalled_content":false,"footnotes":"","_jetpack_memberships_contains_paid_content":false,"jetpack_publicize_message":"","jetpack_publicize_feature_enabled":true,"jetpack_social_post_already_shared":true,"jetpack_social_options":{"image_generator_settings":{"template":"highway","enabled":false}}},"categories":[2],"tags":[],"jetpack_publicize_connections":[],"jetpack_featured_media_url":"","jetpack_sharing_enabled":true,"jetpack_shortlink":"https:\/\/wp.me\/paFpWR-VC","_links":{"self":[{"href":"https:\/\/bonettiassociados.com.br\/index.php\/wp-json\/wp\/v2\/posts\/3572"}],"collection":[{"href":"https:\/\/bonettiassociados.com.br\/index.php\/wp-json\/wp\/v2\/posts"}],"about":[{"href":"https:\/\/bonettiassociados.com.br\/index.php\/wp-json\/wp\/v2\/types\/post"}],"author":[{"embeddable":true,"href":"https:\/\/bonettiassociados.com.br\/index.php\/wp-json\/wp\/v2\/users\/6"}],"replies":[{"embeddable":true,"href":"https:\/\/bonettiassociados.com.br\/index.php\/wp-json\/wp\/v2\/comments?post=3572"}],"version-history":[{"count":1,"href":"https:\/\/bonettiassociados.com.br\/index.php\/wp-json\/wp\/v2\/posts\/3572\/revisions"}],"predecessor-version":[{"id":3573,"href":"https:\/\/bonettiassociados.com.br\/index.php\/wp-json\/wp\/v2\/posts\/3572\/revisions\/3573"}],"wp:attachment":[{"href":"https:\/\/bonettiassociados.com.br\/index.php\/wp-json\/wp\/v2\/media?parent=3572"}],"wp:term":[{"taxonomy":"category","embeddable":true,"href":"https:\/\/bonettiassociados.com.br\/index.php\/wp-json\/wp\/v2\/categories?post=3572"},{"taxonomy":"post_tag","embeddable":true,"href":"https:\/\/bonettiassociados.com.br\/index.php\/wp-json\/wp\/v2\/tags?post=3572"}],"curies":[{"name":"wp","href":"https:\/\/api.w.org\/{rel}","templated":true}]}}