{"id":3564,"date":"2019-07-22T13:10:17","date_gmt":"2019-07-22T16:10:17","guid":{"rendered":"http:\/\/bonettiassociados.com.br\/?p=3564"},"modified":"2019-07-22T13:10:17","modified_gmt":"2019-07-22T16:10:17","slug":"o-carf-e-operacao-de-reorganizacao-societaria","status":"publish","type":"post","link":"https:\/\/bonettiassociados.com.br\/index.php\/2019\/07\/22\/o-carf-e-operacao-de-reorganizacao-societaria\/","title":{"rendered":"O CARF E OPERA\u00c7\u00c3O DE REORGANIZA\u00c7\u00c3O SOCIET\u00c1RIA"},"content":{"rendered":"<p style=\"text-align: justify;\"><span style=\"font-family: arial, helvetica, sans-serif;\">Em julgamento realizado em 15 de abril deste ano, a 2\u00aa Turma do Conselho Administrativo de Recursos Fiscais (Carf) deu provimento ao Recurso Volunt\u00e1rio do Contribuinte, afastando da apura\u00e7\u00e3o do ganho de capital tribut\u00e1vel da empresa, a diferen\u00e7a positiva entre a participa\u00e7\u00e3o societ\u00e1ria detida antes e depois das opera\u00e7\u00f5es de incorpora\u00e7\u00e3o promovidas no processo de reorganiza\u00e7\u00e3o societ\u00e1ria do grupo econ\u00f4mico da contribuinte.<\/span><!--more--><\/p>\n<p style=\"text-align: justify;\"><span style=\"font-family: arial, helvetica, sans-serif;\">\u00a0Essa decis\u00e3o resultou na anula\u00e7\u00e3o das cobran\u00e7as de Imposto de Renda para Pessoas Jur\u00eddicas (IRPJ), de Contribui\u00e7\u00e3o sobre Lucro L\u00edquido (CSLL), de contribui\u00e7\u00e3o para o Programa de Integra\u00e7\u00e3o e de Forma\u00e7\u00e3o do Patrim\u00f4nio do Servidor P\u00fablico (PIS) e da Contribui\u00e7\u00e3o para Financiamento da Seguridade Social (Cofins), bem como dos juros de mora e da multa de of\u00edcio aplicada no percentual de 75% sobre o valor do d\u00e9bito. No final do dia, o julgamento validou os elementos apresentados pelo contribuinte, atestando a exist\u00eancia do prop\u00f3sito negocial e a inexist\u00eancia de raz\u00f5es que justificassem a autua\u00e7\u00e3o aplicada pela autoridade coatora.<\/span><\/p>\n<p style=\"text-align: justify;\"><span style=\"font-family: arial, helvetica, sans-serif;\">O mencionado precedente do Carf \u00e9 de extrema import\u00e2ncia e apresenta-se como um lampejo de seguran\u00e7a jur\u00eddica para as empresas. Principalmente porque em processos de reorganiza\u00e7\u00e3o societ\u00e1ria envolvendo incorpora\u00e7\u00f5es de participa\u00e7\u00f5es societ\u00e1rias (quotas ou a\u00e7\u00f5es), n\u00e3o h\u00e1 que se falar em distrato (encerramento das atividades) de nenhuma das empresas envolvidas, ocorrendo, apenas, um remanejo de ativos e passivos dentro de um conjunto de empresas que possuem um controle societ\u00e1rio comum. De tal forma, as incorpora\u00e7\u00f5es realizadas nessas circunst\u00e2ncias, n\u00e3o traduzem aliena\u00e7\u00f5es e n\u00e3o desencadeiam acr\u00e9scimos patrimoniais para nenhum dos envolvidos.<\/span><\/p>\n<p style=\"text-align: justify;\"><span style=\"font-family: arial, helvetica, sans-serif;\">Dois fundamentos, na decis\u00e3o do citado Conselho, foram determinantes para o afastamento da cobran\u00e7a do ganho de capital e dos tributos vinculados \u00e0 opera\u00e7\u00e3o. Um deles \u00e9 a exist\u00eancia de prop\u00f3sito negocial quando analisada toda a cadeia de incorpora\u00e7\u00f5es, sob o ponto de vista global (n\u00e3o limitada \u00e0 an\u00e1lise do prop\u00f3sito negocial aut\u00f4nomo). E outra \u00e9 a diferencia\u00e7\u00e3o da incorpora\u00e7\u00e3o de a\u00e7\u00f5es no \u00e2mbito da reestrutura\u00e7\u00e3o de grupo econ\u00f4mico, para o processo de aumento de capital em decorr\u00eancia da subscri\u00e7\u00e3o de a\u00e7\u00f5es.<\/span><\/p>\n<p style=\"text-align: justify;\"><span style=\"font-family: arial, helvetica, sans-serif;\">Em rela\u00e7\u00e3o ao primeiro ponto, os conselheiros do Carf, em sua maioria, analisando toda a opera\u00e7\u00e3o de reorganiza\u00e7\u00e3o societ\u00e1ria do contribuinte, atestaram que havia prop\u00f3sito negocial em cada uma das etapas das opera\u00e7\u00f5es realizadas, mas algumas delas revelavam sentido apenas diante do prop\u00f3sito da reestrutura\u00e7\u00e3o empresarial, demonstrando que o remanejo de ativos e passivos n\u00e3o vislumbrava ganhos econ\u00f4micos ou acr\u00e9scimo patrimonial, mas sim a concretiza\u00e7\u00e3o de um prop\u00f3sito global.<\/span><\/p>\n<p style=\"text-align: justify;\"><span style=\"font-family: arial, helvetica, sans-serif;\">Igualmente, em rela\u00e7\u00e3o ao segundo ponto, afastando o entendimento da Delegacia de Receita Federal do Rio de Janeiro, os conselheiros compreenderam que a opera\u00e7\u00e3o envolveu sucessivos processos de incorpora\u00e7\u00f5es de a\u00e7\u00f5es, n\u00e3o configurando hip\u00f3tese de aumento de capital social (subscri\u00e7\u00e3o de a\u00e7\u00f5es por um novo s\u00f3cio) e tampouco de compra e venda de a\u00e7\u00f5es de um \u201cs\u00f3cio origin\u00e1rio (alienante)\u201d para um \u201cs\u00f3cio ingressante (comprador)\u201d.<\/span><\/p>\n<p style=\"text-align: justify;\"><span style=\"font-family: arial, helvetica, sans-serif;\">O precedente apresentado n\u00e3o possui for\u00e7a vinculante, de modo que entendimentos diversos podem permanecer sendo aplicados por scais em futuras autua\u00e7\u00f5es e por outras turmas do Carf em julgamentos. Todavia, essa decis\u00e3o do Conselho trouxe um importante paradigma, favorecendo a aprecia\u00e7\u00e3o de um maior n\u00famero de casos de reorganiza\u00e7\u00e3o societ\u00e1ria e fomentando a forma\u00e7\u00e3o de um entendimento uniforme pela autoridade, de modo a conferir mais seguran\u00e7a jur\u00eddica aos contribuintes.<\/span><\/p>\n<p style=\"text-align: justify;\"><span style=\"font-family: arial, helvetica, sans-serif;\"><strong>FONTE: Di\u00e1rio do Com\u00e9rcio-MG \u2013 Por Lucas Moreira Gon\u00e7alves<\/strong><\/span><\/p>\n<p style=\"text-align: justify;\">\n","protected":false},"excerpt":{"rendered":"<p>Em julgamento realizado em 15 de abril deste ano, a [&hellip;]<\/p>\n","protected":false},"author":6,"featured_media":0,"comment_status":"closed","ping_status":"open","sticky":false,"template":"","format":"standard","meta":{"jetpack_post_was_ever_published":false,"_jetpack_newsletter_access":"","_jetpack_dont_email_post_to_subs":false,"_jetpack_newsletter_tier_id":0,"_jetpack_memberships_contains_paywalled_content":false,"footnotes":"","_jetpack_memberships_contains_paid_content":false,"jetpack_publicize_message":"","jetpack_publicize_feature_enabled":true,"jetpack_social_post_already_shared":true,"jetpack_social_options":{"image_generator_settings":{"template":"highway","enabled":false}}},"categories":[2],"tags":[],"jetpack_publicize_connections":[],"jetpack_featured_media_url":"","jetpack_sharing_enabled":true,"jetpack_shortlink":"https:\/\/wp.me\/paFpWR-Vu","_links":{"self":[{"href":"https:\/\/bonettiassociados.com.br\/index.php\/wp-json\/wp\/v2\/posts\/3564"}],"collection":[{"href":"https:\/\/bonettiassociados.com.br\/index.php\/wp-json\/wp\/v2\/posts"}],"about":[{"href":"https:\/\/bonettiassociados.com.br\/index.php\/wp-json\/wp\/v2\/types\/post"}],"author":[{"embeddable":true,"href":"https:\/\/bonettiassociados.com.br\/index.php\/wp-json\/wp\/v2\/users\/6"}],"replies":[{"embeddable":true,"href":"https:\/\/bonettiassociados.com.br\/index.php\/wp-json\/wp\/v2\/comments?post=3564"}],"version-history":[{"count":1,"href":"https:\/\/bonettiassociados.com.br\/index.php\/wp-json\/wp\/v2\/posts\/3564\/revisions"}],"predecessor-version":[{"id":3565,"href":"https:\/\/bonettiassociados.com.br\/index.php\/wp-json\/wp\/v2\/posts\/3564\/revisions\/3565"}],"wp:attachment":[{"href":"https:\/\/bonettiassociados.com.br\/index.php\/wp-json\/wp\/v2\/media?parent=3564"}],"wp:term":[{"taxonomy":"category","embeddable":true,"href":"https:\/\/bonettiassociados.com.br\/index.php\/wp-json\/wp\/v2\/categories?post=3564"},{"taxonomy":"post_tag","embeddable":true,"href":"https:\/\/bonettiassociados.com.br\/index.php\/wp-json\/wp\/v2\/tags?post=3564"}],"curies":[{"name":"wp","href":"https:\/\/api.w.org\/{rel}","templated":true}]}}