{"id":3561,"date":"2019-07-22T13:09:29","date_gmt":"2019-07-22T16:09:29","guid":{"rendered":"http:\/\/bonettiassociados.com.br\/?p=3561"},"modified":"2019-07-22T13:09:29","modified_gmt":"2019-07-22T16:09:29","slug":"setores-pressionam-congresso-por-aliquota-menor-em-reforma-tributaria","status":"publish","type":"post","link":"https:\/\/bonettiassociados.com.br\/index.php\/2019\/07\/22\/setores-pressionam-congresso-por-aliquota-menor-em-reforma-tributaria\/","title":{"rendered":"SETORES PRESSIONAM CONGRESSO POR AL\u00cdQUOTA MENOR EM REFORMA TRIBUT\u00c1RIA"},"content":{"rendered":"<p style=\"text-align: justify;\"><span style=\"font-family: arial, helvetica, sans-serif;\">Presidente do SESCON-SP defende al\u00edquota de 25% para a ind\u00fastria e com\u00e9rcio e 10% para os servi\u00e7os<\/span><!--more--><\/p>\n<p style=\"text-align: justify;\"><span style=\"font-family: arial, helvetica, sans-serif;\">Segundo presidente de comiss\u00e3o sobre o tema, h\u00e1 preocupa\u00e7\u00f5es em rela\u00e7\u00e3o \u00e0 ado\u00e7\u00e3o de uma al\u00edquota \u00fanica<\/span><\/p>\n<p style=\"text-align: justify;\"><span style=\"font-family: arial, helvetica, sans-serif;\">Presidente da comiss\u00e3o especial da reforma tribut\u00e1ria, o deputado Hildo Rocha (DEM-MA) afirma que as empresas de diversos setores j\u00e1 se movimentam em torno da proposta no Congresso.<\/span><\/p>\n<p style=\"text-align: justify;\"><span style=\"font-family: arial, helvetica, sans-serif;\">Segundo ele, h\u00e1 preocupa\u00e7\u00f5es em rela\u00e7\u00e3o \u00e0 al\u00edquota \u00fanica padr\u00e3o para os diferentes setores da economia. O temor \u00e9 que o percentual seja muito alto para certas empresas.<\/span><\/p>\n<p style=\"text-align: justify;\"><span style=\"font-family: arial, helvetica, sans-serif;\">At\u00e9 agora, diz o deputado, representantes do ensino privado t\u00eam sido os mais ativos nas manifesta\u00e7\u00f5es.<\/span><\/p>\n<p style=\"text-align: justify;\"><span style=\"font-family: arial, helvetica, sans-serif;\">O presidente da Federa\u00e7\u00e3o Nacional das Escolas Particulares, Ademar Batista Pereira, afirma que uma al\u00edquota uniforme de 25% para todos, como indica a proposta em tramita\u00e7\u00e3o na C\u00e2mara, prejudicaria o segmento.<\/span><\/p>\n<p style=\"text-align: justify;\"><span style=\"font-family: arial, helvetica, sans-serif;\">\u201cO IVA para a escola particular \u00e9 mortal\u201d, diz. Para ele, o ideal seria uma desonera\u00e7\u00e3o total da folha de pagamento dessas empresas combinada a um IVA de 13% ou 14%.<\/span><\/p>\n<p style=\"text-align: justify;\"><span style=\"font-family: arial, helvetica, sans-serif;\">Representantes de outros segmentos tamb\u00e9m se articulam para ter um porcentual diferenciado.<\/span><\/p>\n<p style=\"text-align: justify;\"><span style=\"font-family: arial, helvetica, sans-serif;\">Reynaldo Lima Junior, presidente do Sescon-SP (entidade das empresas de servi\u00e7os cont\u00e1beis), defende que o imposto \u00fanico precisaria de uma al\u00edquota de 25% para a ind\u00fastria e com\u00e9rcio e 10% para os servi\u00e7os.<\/span><\/p>\n<p style=\"text-align: justify;\"><span style=\"font-family: arial, helvetica, sans-serif;\">Renato Conchon, coordenador do N\u00facleo Econ\u00f4mico da CNA (Confedera\u00e7\u00e3o da Agricultura e Pecu\u00e1ria do Brasil), diz que a cria\u00e7\u00e3o de um IVA \u00e9 bastante positiva, desde que contemple a desonera\u00e7\u00e3o completa das exporta\u00e7\u00f5es e do setor prim\u00e1rio de alimentos.<\/span><\/p>\n<p style=\"text-align: justify;\"><span style=\"font-family: arial, helvetica, sans-serif;\">A proposta da C\u00e2mara prev\u00ea o benef\u00edcio para o exportador, mas acaba com pol\u00edtica de desonera\u00e7\u00e3o da cesta b\u00e1sica, substitu\u00edda por um mecanismo de compensa\u00e7\u00e3o por meio do Bolsa Fam\u00edlia.<\/span><\/p>\n<p style=\"text-align: justify;\"><span style=\"font-family: arial, helvetica, sans-serif;\">Nesse ponto, a CNA tem prefer\u00eancia pela proposta do Senado (PEC 110\/2019), que cria o IBS com uma al\u00edquota mais baixa para alimentos, de 4%.<\/span><\/p>\n<p style=\"text-align: justify;\"><span style=\"font-family: arial, helvetica, sans-serif;\"><img decoding=\"async\" loading=\"lazy\" class=\"alignnone size-medium wp-image-3562\" src=\"http:\/\/bonettiassociados.com.br\/wp-content\/uploads\/2019\/07\/2019.07.22-258x300.png\" alt=\"\" width=\"258\" height=\"300\" srcset=\"https:\/\/bonettiassociados.com.br\/wp-content\/uploads\/2019\/07\/2019.07.22-258x300.png 258w, https:\/\/bonettiassociados.com.br\/wp-content\/uploads\/2019\/07\/2019.07.22.png 716w\" sizes=\"(max-width: 258px) 100vw, 258px\" \/><\/span><\/p>\n<p style=\"text-align: justify;\"><span style=\"font-family: arial, helvetica, sans-serif;\"><strong>FONTE: Folha de S.Paulo \u2013 Por F\u00e1bio Pupo<\/strong><\/span><\/p>\n","protected":false},"excerpt":{"rendered":"<p>Presidente do SESCON-SP defende al\u00edquota de 25% para a ind\u00fastria [&hellip;]<\/p>\n","protected":false},"author":6,"featured_media":0,"comment_status":"closed","ping_status":"open","sticky":false,"template":"","format":"standard","meta":{"jetpack_post_was_ever_published":false,"_jetpack_newsletter_access":"","_jetpack_dont_email_post_to_subs":false,"_jetpack_newsletter_tier_id":0,"_jetpack_memberships_contains_paywalled_content":false,"footnotes":"","_jetpack_memberships_contains_paid_content":false,"jetpack_publicize_message":"","jetpack_publicize_feature_enabled":true,"jetpack_social_post_already_shared":true,"jetpack_social_options":{"image_generator_settings":{"template":"highway","enabled":false}}},"categories":[2],"tags":[],"jetpack_publicize_connections":[],"jetpack_featured_media_url":"","jetpack_sharing_enabled":true,"jetpack_shortlink":"https:\/\/wp.me\/paFpWR-Vr","_links":{"self":[{"href":"https:\/\/bonettiassociados.com.br\/index.php\/wp-json\/wp\/v2\/posts\/3561"}],"collection":[{"href":"https:\/\/bonettiassociados.com.br\/index.php\/wp-json\/wp\/v2\/posts"}],"about":[{"href":"https:\/\/bonettiassociados.com.br\/index.php\/wp-json\/wp\/v2\/types\/post"}],"author":[{"embeddable":true,"href":"https:\/\/bonettiassociados.com.br\/index.php\/wp-json\/wp\/v2\/users\/6"}],"replies":[{"embeddable":true,"href":"https:\/\/bonettiassociados.com.br\/index.php\/wp-json\/wp\/v2\/comments?post=3561"}],"version-history":[{"count":1,"href":"https:\/\/bonettiassociados.com.br\/index.php\/wp-json\/wp\/v2\/posts\/3561\/revisions"}],"predecessor-version":[{"id":3563,"href":"https:\/\/bonettiassociados.com.br\/index.php\/wp-json\/wp\/v2\/posts\/3561\/revisions\/3563"}],"wp:attachment":[{"href":"https:\/\/bonettiassociados.com.br\/index.php\/wp-json\/wp\/v2\/media?parent=3561"}],"wp:term":[{"taxonomy":"category","embeddable":true,"href":"https:\/\/bonettiassociados.com.br\/index.php\/wp-json\/wp\/v2\/categories?post=3561"},{"taxonomy":"post_tag","embeddable":true,"href":"https:\/\/bonettiassociados.com.br\/index.php\/wp-json\/wp\/v2\/tags?post=3561"}],"curies":[{"name":"wp","href":"https:\/\/api.w.org\/{rel}","templated":true}]}}