{"id":3557,"date":"2019-07-22T12:59:37","date_gmt":"2019-07-22T15:59:37","guid":{"rendered":"http:\/\/bonettiassociados.com.br\/?p=3557"},"modified":"2019-07-22T12:59:37","modified_gmt":"2019-07-22T15:59:37","slug":"alterado-prazo-para-obrigatoriedade-da-entrega-de-efd-reinf","status":"publish","type":"post","link":"https:\/\/bonettiassociados.com.br\/index.php\/2019\/07\/22\/alterado-prazo-para-obrigatoriedade-da-entrega-de-efd-reinf\/","title":{"rendered":"ALTERADO PRAZO PARA OBRIGATORIEDADE DA ENTREGA DE EFD &#8211; REINF"},"content":{"rendered":"<p style=\"text-align: justify;\"><span style=\"font-family: arial, helvetica, sans-serif;\">A Receita Federal adiou o in\u00edcio da obrigatoriedade de entrega da Escritura\u00e7\u00e3o Fiscal Digital de Reten\u00e7\u00f5es e Outras Informa\u00e7\u00f5es Fiscais (EFD-Reinf) para o 3\u00ba grupo de contribuintes discriminados na Instru\u00e7\u00e3o Normativa 1.701 de 14 de mar\u00e7o de 2017. A obrigatoriedade da entrega de EFD-Reinf para estes contribuintes passou de julho deste ano para janeiro de 2020. A altera\u00e7\u00e3o consta da Instru\u00e7\u00e3o Normativa n\u00ba 1.900, publicada hoje no Di\u00e1rio Oficial da Uni\u00e3o.<\/span><!--more--><\/p>\n<p style=\"text-align: justify;\"><span style=\"font-family: arial, helvetica, sans-serif;\">S\u00e3o obrigadas a entregar a EFD-Reinf as pessoas jur\u00eddicas, dentre outras, que efetuam reten\u00e7\u00f5es tais como as do Imposto de Renda Retido na Fonte, PIS\/ Pasep, Cofins e CSLL. A legisla\u00e7\u00e3o tamb\u00e9m prev\u00ea casos como o das associa\u00e7\u00f5es desportivas que mant\u00e9m equipes de futebol profissional e recebem patroc\u00ednio e os produtores rurais pessoa jur\u00eddica quando sujeitos a contribui\u00e7\u00e3o previdenci\u00e1ria substitutiva sobre a receita bruta proveniente da comercializa\u00e7\u00e3o da produ\u00e7\u00e3o rural.<\/span><\/p>\n<p style=\"text-align: justify;\"><span style=\"font-family: arial, helvetica, sans-serif;\">Dois grupos de contribuintes j\u00e1 est\u00e3o obrigado a entregar a EFD-Reinf. As entidades empresariais com faturamento superior a R$ 78 milh\u00f5es j\u00e1 efetuam a entrega desde maio de 2018. As demais entidades empresariais, com exce\u00e7\u00e3o das optantes pelo Simples, passaram a cumprir a obriga\u00e7\u00e3o em janeiro deste ano. O 3\u00ba grupo abrange o restante das pessoas jur\u00eddicas obrigadas \u00e0 entrega, com exce\u00e7\u00e3o dos entes p\u00fablicos e organiza\u00e7\u00f5es internacionais, que ainda n\u00e3o tem previs\u00e3o de data para a entrega.<\/span><\/p>\n<p style=\"text-align: justify;\"><span style=\"font-family: arial, helvetica, sans-serif;\">A EFD-Reinf e a DCTFWeb, substituir\u00e1 a GFIP (Guia de Recolhimento do FGTS e de Informa\u00e7\u00f5es \u00e0 Previd\u00eancia Social) em rela\u00e7\u00e3o \u00e0 apura\u00e7\u00e3o e recolhimento da contribui\u00e7\u00e3o previdenci\u00e1ria e a DIRF (Declara\u00e7\u00e3o do Imposto sobre a Renda Retido na Fonte) em rela\u00e7\u00e3o ao imposto de renda retido. Com a altera\u00e7\u00e3o de prazos de obrigatoriedade da EFD-Reinf, fica garantido maior prazo de adapta\u00e7\u00e3o para os contribuintes, fato que permitir\u00e1 a simplifica\u00e7\u00e3o tribut\u00e1ria e a correta apura\u00e7\u00e3o dos cr\u00e9ditos tribut\u00e1rios decorrentes.<\/span><\/p>\n<p style=\"text-align: justify;\"><span style=\"font-family: arial, helvetica, sans-serif;\"><strong>FONTE: Receita Federal<\/strong><\/span><\/p>\n","protected":false},"excerpt":{"rendered":"<p>A Receita Federal adiou o in\u00edcio da obrigatoriedade de entrega [&hellip;]<\/p>\n","protected":false},"author":6,"featured_media":0,"comment_status":"closed","ping_status":"open","sticky":false,"template":"","format":"standard","meta":{"jetpack_post_was_ever_published":false,"_jetpack_newsletter_access":"","_jetpack_dont_email_post_to_subs":false,"_jetpack_newsletter_tier_id":0,"_jetpack_memberships_contains_paywalled_content":false,"footnotes":"","_jetpack_memberships_contains_paid_content":false,"jetpack_publicize_message":"","jetpack_publicize_feature_enabled":true,"jetpack_social_post_already_shared":true,"jetpack_social_options":{"image_generator_settings":{"template":"highway","enabled":false}}},"categories":[2],"tags":[],"jetpack_publicize_connections":[],"jetpack_featured_media_url":"","jetpack_sharing_enabled":true,"jetpack_shortlink":"https:\/\/wp.me\/paFpWR-Vn","_links":{"self":[{"href":"https:\/\/bonettiassociados.com.br\/index.php\/wp-json\/wp\/v2\/posts\/3557"}],"collection":[{"href":"https:\/\/bonettiassociados.com.br\/index.php\/wp-json\/wp\/v2\/posts"}],"about":[{"href":"https:\/\/bonettiassociados.com.br\/index.php\/wp-json\/wp\/v2\/types\/post"}],"author":[{"embeddable":true,"href":"https:\/\/bonettiassociados.com.br\/index.php\/wp-json\/wp\/v2\/users\/6"}],"replies":[{"embeddable":true,"href":"https:\/\/bonettiassociados.com.br\/index.php\/wp-json\/wp\/v2\/comments?post=3557"}],"version-history":[{"count":1,"href":"https:\/\/bonettiassociados.com.br\/index.php\/wp-json\/wp\/v2\/posts\/3557\/revisions"}],"predecessor-version":[{"id":3558,"href":"https:\/\/bonettiassociados.com.br\/index.php\/wp-json\/wp\/v2\/posts\/3557\/revisions\/3558"}],"wp:attachment":[{"href":"https:\/\/bonettiassociados.com.br\/index.php\/wp-json\/wp\/v2\/media?parent=3557"}],"wp:term":[{"taxonomy":"category","embeddable":true,"href":"https:\/\/bonettiassociados.com.br\/index.php\/wp-json\/wp\/v2\/categories?post=3557"},{"taxonomy":"post_tag","embeddable":true,"href":"https:\/\/bonettiassociados.com.br\/index.php\/wp-json\/wp\/v2\/tags?post=3557"}],"curies":[{"name":"wp","href":"https:\/\/api.w.org\/{rel}","templated":true}]}}