{"id":3551,"date":"2019-07-22T12:56:07","date_gmt":"2019-07-22T15:56:07","guid":{"rendered":"http:\/\/bonettiassociados.com.br\/?p=3551"},"modified":"2019-07-22T12:56:07","modified_gmt":"2019-07-22T15:56:07","slug":"comprovacao-de-subfaturamento-exige-prova-da-diferenca-de-valor-diz-carf","status":"publish","type":"post","link":"https:\/\/bonettiassociados.com.br\/index.php\/2019\/07\/22\/comprovacao-de-subfaturamento-exige-prova-da-diferenca-de-valor-diz-carf\/","title":{"rendered":"COMPROVA\u00c7\u00c3O DE SUBFATURAMENTO EXIGE PROVA DA DIFEREN\u00c7A DE VALOR, DIZ CARF"},"content":{"rendered":"<p style=\"text-align: justify;\"><span style=\"font-family: arial, helvetica, sans-serif;\">A comprova\u00e7\u00e3o de subfaturamento depende da prova de que o valor que foi efetivamente pago \u00e9 diferente do que o declarado. O entendimento \u00e9 da 1\u00aa Turma Ordin\u00e1ria da 2\u00aa C\u00e2mara da 3\u00aa Se\u00e7\u00e3o de Julgamento do Conselho Administrativo de Recursos Fiscais (Carf).<\/span><!--more--><\/p>\n<p style=\"text-align: justify;\"><span style=\"font-family: arial, helvetica, sans-serif;\">Prevaleceu entendimento do relator, conselheiro Paulo Roberto Duarte Moreira. De acordo com ele, \u201cn\u00e3o basta a fiscaliza\u00e7\u00e3o aduaneira alegar a exist\u00eancia de suspeita de infra\u00e7\u00e3o cuja penalidade aplicada seja a pena de perdimento ou sua convers\u00e3o em multa, deve, ainda, indicar quais os ind\u00edcios, documentos e fatos que induziram a tal conclus\u00e3o, sob pena de tolher o direito constitucionalmente garantido ao contribuinte, qual seja, o contradit\u00f3rio e da ampla defesa\u201d.<\/span><\/p>\n<p style=\"text-align: justify;\"><span style=\"font-family: arial, helvetica, sans-serif;\">&#8220;\u00c9 dever da autoridade fiscal apresentar &#8216;por escrito&#8217; os motivos que fundamentam sua decis\u00e3o de que a vincula\u00e7\u00e3o entre comprador e vendedor tenha influenciado o pre\u00e7o (ou seja, que o valor de transa\u00e7\u00e3o \u00e9 inaceit\u00e1vel)&#8221;, explica.<\/span><\/p>\n<p style=\"text-align: justify;\"><span style=\"font-family: arial, helvetica, sans-serif;\">Por isso, segundo o relator, n\u00e3o houve fundamento legal para que fosse aplicada a pena de perdimento da mercadoria, ou sua convers\u00e3o em multa, s\u00f3 pela constata\u00e7\u00e3o de diverg\u00eancia de pre\u00e7os na opera\u00e7\u00e3o.<\/span><\/p>\n<p style=\"text-align: justify;\"><span style=\"font-family: arial, helvetica, sans-serif;\">&#8220;N\u00e3o existente a prova da falsidade da fatura, n\u00e3o fica caracterizado o subfaturamento e, por esta raz\u00e3o, fica afastada aplica\u00e7\u00e3o da pena de perdimento e sua respectiva multa substitutiva&#8221;, afirma.<\/span><\/p>\n<p style=\"text-align: justify;\"><span style=\"font-family: arial, helvetica, sans-serif;\">Caso<\/span><\/p>\n<p style=\"text-align: justify;\"><span style=\"font-family: arial, helvetica, sans-serif;\">O colegiado analisou auto de infra\u00e7\u00e3o sobre valores aduaneiros declarados nas importa\u00e7\u00f5es de caminh\u00f5es guindaste, adquiridos\u00a0 da China, que a Receita entendeu estarem subfaturados.<\/span><\/p>\n<p style=\"text-align: justify;\"><span style=\"font-family: arial, helvetica, sans-serif;\">Para chegar a essa conclus\u00e3o, o fisco alegou que havia ind\u00edcios de que os valores declarados destoavam da m\u00e9dia dos pre\u00e7os das importa\u00e7\u00f5es, e tamb\u00e9m em v\u00ednculos entre o importador e o exportador.<\/span><\/p>\n<p style=\"text-align: justify;\"><span style=\"font-family: arial, helvetica, sans-serif;\">Segundo o relator do Carf, no entanto, a Receita n\u00e3o conseguiu provar o subfaturamento. &#8220;O subfaturamento de pre\u00e7o na importa\u00e7\u00e3o exige a comprova\u00e7\u00e3o da pr\u00e1tica de falsifica\u00e7\u00e3o ou adultera\u00e7\u00e3o de documento necess\u00e1rio \u00e0 instru\u00e7\u00e3o do despacho aduaneiro. A autoridade fiscal n\u00e3o logrou \u00eaxito em demonstrar que material ou ideologicamente alguma fatura comercial fora emitida com qualquer falsidade na declara\u00e7\u00e3o dos pre\u00e7os das mercadorias importadas&#8221;, diz.<\/span><\/p>\n<p style=\"text-align: justify;\"><span style=\"font-family: arial, helvetica, sans-serif;\">Aus\u00eancia de Norma<\/span><\/p>\n<p style=\"text-align: justify;\"><span style=\"font-family: arial, helvetica, sans-serif;\">Para o tributarista Allan Fallet, s\u00f3cio do escrit\u00f3rio Amaral Veiga Advogados, a decis\u00e3o do Carf foi positiva.<\/span><\/p>\n<p style=\"text-align: justify;\"><span style=\"font-family: arial, helvetica, sans-serif;\">&#8220;Conforme frisado pelo conselheiro relator, existe uma grande diferen\u00e7a entre desconfiar do valor declarado pelo importador e a comprova\u00e7\u00e3o de sua descarateriza\u00e7\u00e3o. A compara\u00e7\u00e3o de valores com outras importa\u00e7\u00f5es, a qual necessitaria de uma an\u00e1lise com base em mesmo fabricante e caminh\u00f5es id\u00eanticos, deve ser entendida como refor\u00e7o argumentativo para fundamentar a exist\u00eancia de subfaturamento&#8221;, diz.<\/span><\/p>\n<p style=\"text-align: justify;\"><span style=\"font-family: arial, helvetica, sans-serif;\">Segundo Fallet, a atividade fiscal deve ser documentada com a caracteriza\u00e7\u00e3o de falsifica\u00e7\u00e3o ou adultera\u00e7\u00e3o dos documentos instrut\u00f3rios com claro intuito de alterar os pre\u00e7os e outras informa\u00e7\u00f5es apresentadas.<\/span><\/p>\n<p style=\"text-align: justify;\"><span style=\"font-family: arial, helvetica, sans-serif;\">&#8220;Isso por meio da lavratura de termos que atestem as dilig\u00eancias da autoridade fiscal, como in\u00edcio e t\u00e9rmino da fiscaliza\u00e7\u00e3o e demais provid\u00eancias que forem tomadas no decorrer da fiscaliza\u00e7\u00e3o (como apreens\u00e3o de documentos e mercadorias)&#8221;, explica.<\/span><\/p>\n<p style=\"text-align: justify;\"><span style=\"font-family: arial, helvetica, sans-serif;\">Clique aqui para ler o ac\u00f3rd\u00e3o.<\/span><\/p>\n<p style=\"text-align: justify;\"><span style=\"font-family: arial, helvetica, sans-serif;\"><strong>FONTE: Conjur \u2013 Por Gabriela Coelho<\/strong><\/span><\/p>\n","protected":false},"excerpt":{"rendered":"<p>A comprova\u00e7\u00e3o de subfaturamento depende da prova de que o [&hellip;]<\/p>\n","protected":false},"author":6,"featured_media":0,"comment_status":"closed","ping_status":"open","sticky":false,"template":"","format":"standard","meta":{"jetpack_post_was_ever_published":false,"_jetpack_newsletter_access":"","_jetpack_dont_email_post_to_subs":false,"_jetpack_newsletter_tier_id":0,"_jetpack_memberships_contains_paywalled_content":false,"footnotes":"","_jetpack_memberships_contains_paid_content":false,"jetpack_publicize_message":"","jetpack_publicize_feature_enabled":true,"jetpack_social_post_already_shared":true,"jetpack_social_options":{"image_generator_settings":{"template":"highway","enabled":false}}},"categories":[2],"tags":[],"jetpack_publicize_connections":[],"jetpack_featured_media_url":"","jetpack_sharing_enabled":true,"jetpack_shortlink":"https:\/\/wp.me\/paFpWR-Vh","_links":{"self":[{"href":"https:\/\/bonettiassociados.com.br\/index.php\/wp-json\/wp\/v2\/posts\/3551"}],"collection":[{"href":"https:\/\/bonettiassociados.com.br\/index.php\/wp-json\/wp\/v2\/posts"}],"about":[{"href":"https:\/\/bonettiassociados.com.br\/index.php\/wp-json\/wp\/v2\/types\/post"}],"author":[{"embeddable":true,"href":"https:\/\/bonettiassociados.com.br\/index.php\/wp-json\/wp\/v2\/users\/6"}],"replies":[{"embeddable":true,"href":"https:\/\/bonettiassociados.com.br\/index.php\/wp-json\/wp\/v2\/comments?post=3551"}],"version-history":[{"count":1,"href":"https:\/\/bonettiassociados.com.br\/index.php\/wp-json\/wp\/v2\/posts\/3551\/revisions"}],"predecessor-version":[{"id":3552,"href":"https:\/\/bonettiassociados.com.br\/index.php\/wp-json\/wp\/v2\/posts\/3551\/revisions\/3552"}],"wp:attachment":[{"href":"https:\/\/bonettiassociados.com.br\/index.php\/wp-json\/wp\/v2\/media?parent=3551"}],"wp:term":[{"taxonomy":"category","embeddable":true,"href":"https:\/\/bonettiassociados.com.br\/index.php\/wp-json\/wp\/v2\/categories?post=3551"},{"taxonomy":"post_tag","embeddable":true,"href":"https:\/\/bonettiassociados.com.br\/index.php\/wp-json\/wp\/v2\/tags?post=3551"}],"curies":[{"name":"wp","href":"https:\/\/api.w.org\/{rel}","templated":true}]}}