{"id":3549,"date":"2019-07-22T12:54:52","date_gmt":"2019-07-22T15:54:52","guid":{"rendered":"http:\/\/bonettiassociados.com.br\/?p=3549"},"modified":"2019-07-22T12:54:52","modified_gmt":"2019-07-22T15:54:52","slug":"toffoli-suspende-execucao-de-contragarantias-do-amapa-pela-uniao","status":"publish","type":"post","link":"https:\/\/bonettiassociados.com.br\/index.php\/2019\/07\/22\/toffoli-suspende-execucao-de-contragarantias-do-amapa-pela-uniao\/","title":{"rendered":"TOFFOLI SUSPENDE EXECU\u00c7\u00c3O DE CONTRAGARANTIAS DO AMAP\u00c1 PELA UNI\u00c3O"},"content":{"rendered":"<p style=\"text-align: justify;\"><span style=\"font-family: arial, helvetica, sans-serif;\">O presidente do Supremo Tribunal Federal, ministro Dias Toffoli, suspendeu a exig\u00eancia de contragarantias pela Uni\u00e3o em tr\u00eas contratos do estado do Amap\u00e1 com o Banco Nacional de Desenvolvimento Econ\u00f4mico e Social (BNDES) e a Caixa Econ\u00f4mica Federal (CEF), no valor total de R$ 2,8 bilh\u00f5es.<\/span><!--more--><\/p>\n<p style=\"text-align: justify;\"><span style=\"font-family: arial, helvetica, sans-serif;\">&#8220;Para fins de permitir a aprecia\u00e7\u00e3o oportuna do pedido liminar, concedo medida cautelar de suspens\u00e3o da exigibilidade pela Uni\u00e3o da contragarantia, at\u00e9 nova aprecia\u00e7\u00e3o do tema, quando da devida instru\u00e7\u00e3o dos autos&#8221;, diz.<\/span><\/p>\n<p style=\"text-align: justify;\"><span style=\"font-family: arial, helvetica, sans-serif;\">O ministro Toffoli solicitou tamb\u00e9m que o Amap\u00e1 se manifeste em cinco dias sobre as considera\u00e7\u00f5es da Uni\u00e3o, especialmente sobre seu comprometimento com o programa de ajuste de contas do regime de recupera\u00e7\u00e3o fiscal vigente. O estado deve tamb\u00e9m apontar se \u00e9 vi\u00e1vel a apresenta\u00e7\u00e3o de proposta de quita\u00e7\u00e3o ou diminui\u00e7\u00e3o do d\u00e9bito at\u00e9 a defini\u00e7\u00e3o do PLC 149\/2019, visando \u00e0 concilia\u00e7\u00e3o dos interesses envolvidos.<\/span><\/p>\n<p style=\"text-align: justify;\"><span style=\"font-family: arial, helvetica, sans-serif;\">A\u00e7\u00e3o<\/span><\/p>\n<p style=\"text-align: justify;\"><span style=\"font-family: arial, helvetica, sans-serif;\">Na a\u00e7\u00e3o, o Amap\u00e1 argumenta que, em raz\u00e3o da crise financeira que atravessa, n\u00e3o ser\u00e1 poss\u00edvel honrar as parcelas dos contratos que est\u00e3o por vencer, o que resultar\u00e1 na execu\u00e7\u00e3o imediata das contragarantias pactuadas com a Uni\u00e3o e no bloqueio de transfer\u00eancias constitucionais e arrecada\u00e7\u00e3o tribut\u00e1ria.<\/span><\/p>\n<p style=\"text-align: justify;\"><span style=\"font-family: arial, helvetica, sans-serif;\">A execu\u00e7\u00e3o, segundo o estado, comprometer\u00e1 gravemente a continuidade de pol\u00edticas p\u00fablicas essenciais e inviabilizar\u00e1, entre outros itens, o pagamento dos sal\u00e1rios, j\u00e1 atrasados, de m\u00e9dicos e enfermeiros, o custeio de medicamentos, o transporte de alunos, a merenda escolar e o fornecimento de alimenta\u00e7\u00e3o nos estabelecimentos prisionais, causando risco de rebeli\u00e3o. Com informa\u00e7\u00f5es da assessoria de imprensa do STF.<\/span><\/p>\n<p style=\"text-align: justify;\"><span style=\"font-family: arial, helvetica, sans-serif;\">ACO 3.285<\/span><\/p>\n<p style=\"text-align: justify;\"><span style=\"font-family: arial, helvetica, sans-serif;\"><strong>FONTE: Conjur<\/strong><\/span><\/p>\n","protected":false},"excerpt":{"rendered":"<p>O presidente do Supremo Tribunal Federal, ministro Dias Toffoli, suspendeu [&hellip;]<\/p>\n","protected":false},"author":6,"featured_media":0,"comment_status":"closed","ping_status":"open","sticky":false,"template":"","format":"standard","meta":{"jetpack_post_was_ever_published":false,"_jetpack_newsletter_access":"","_jetpack_dont_email_post_to_subs":false,"_jetpack_newsletter_tier_id":0,"_jetpack_memberships_contains_paywalled_content":false,"footnotes":"","_jetpack_memberships_contains_paid_content":false,"jetpack_publicize_message":"","jetpack_publicize_feature_enabled":true,"jetpack_social_post_already_shared":true,"jetpack_social_options":{"image_generator_settings":{"template":"highway","enabled":false}}},"categories":[2],"tags":[],"jetpack_publicize_connections":[],"jetpack_featured_media_url":"","jetpack_sharing_enabled":true,"jetpack_shortlink":"https:\/\/wp.me\/paFpWR-Vf","_links":{"self":[{"href":"https:\/\/bonettiassociados.com.br\/index.php\/wp-json\/wp\/v2\/posts\/3549"}],"collection":[{"href":"https:\/\/bonettiassociados.com.br\/index.php\/wp-json\/wp\/v2\/posts"}],"about":[{"href":"https:\/\/bonettiassociados.com.br\/index.php\/wp-json\/wp\/v2\/types\/post"}],"author":[{"embeddable":true,"href":"https:\/\/bonettiassociados.com.br\/index.php\/wp-json\/wp\/v2\/users\/6"}],"replies":[{"embeddable":true,"href":"https:\/\/bonettiassociados.com.br\/index.php\/wp-json\/wp\/v2\/comments?post=3549"}],"version-history":[{"count":1,"href":"https:\/\/bonettiassociados.com.br\/index.php\/wp-json\/wp\/v2\/posts\/3549\/revisions"}],"predecessor-version":[{"id":3550,"href":"https:\/\/bonettiassociados.com.br\/index.php\/wp-json\/wp\/v2\/posts\/3549\/revisions\/3550"}],"wp:attachment":[{"href":"https:\/\/bonettiassociados.com.br\/index.php\/wp-json\/wp\/v2\/media?parent=3549"}],"wp:term":[{"taxonomy":"category","embeddable":true,"href":"https:\/\/bonettiassociados.com.br\/index.php\/wp-json\/wp\/v2\/categories?post=3549"},{"taxonomy":"post_tag","embeddable":true,"href":"https:\/\/bonettiassociados.com.br\/index.php\/wp-json\/wp\/v2\/tags?post=3549"}],"curies":[{"name":"wp","href":"https:\/\/api.w.org\/{rel}","templated":true}]}}