{"id":3529,"date":"2019-07-19T10:28:06","date_gmt":"2019-07-19T13:28:06","guid":{"rendered":"http:\/\/bonettiassociados.com.br\/?p=3529"},"modified":"2019-07-19T10:28:06","modified_gmt":"2019-07-19T13:28:06","slug":"convenio-icms-134-cai-como-um-meteoro-nas-relacoes-juridicas-tributarias","status":"publish","type":"post","link":"https:\/\/bonettiassociados.com.br\/index.php\/2019\/07\/19\/convenio-icms-134-cai-como-um-meteoro-nas-relacoes-juridicas-tributarias\/","title":{"rendered":"CONV\u00caNIO ICMS 134 CAI COMO UM METEORO NAS RELA\u00c7\u00d5ES JUR\u00cdDICAS TRIBUT\u00c1RIAS"},"content":{"rendered":"<p style=\"text-align: justify;\"><span style=\"font-family: arial, helvetica, sans-serif;\">O Conv\u00eanio ICMS 134 cai como um meteoro nas rela\u00e7\u00f5es jur\u00eddicas tribut\u00e1rias entre contribuintes e demais estados da federa\u00e7\u00e3o que se relacionam com a Zona Franca de Manaus.<\/span><!--more--><\/p>\n<p style=\"text-align: justify;\"><span style=\"font-family: arial, helvetica, sans-serif;\">A Superintend\u00eancia da Zona Franca de Manaus (Suframa) e as secretarias de Estado da Fazenda e Finan\u00e7as do Acre, Amap\u00e1, Amazonas, Roraima e Rond\u00f4nia promover\u00e3o a\u00e7\u00e3o integrada de fiscaliza\u00e7\u00e3o e controle da entrada de produtos industrializados de origem nacional, remetidos a destinat\u00e1rios na Zona Franca de Manaus e nas \u00e1reas de livre-com\u00e9rcio, com isen\u00e7\u00e3o do ICMS.<\/span><\/p>\n<p style=\"text-align: justify;\"><span style=\"font-family: arial, helvetica, sans-serif;\">A a\u00e7\u00e3o integrada prevista no referido conv\u00eanio tem por objetivo a comprova\u00e7\u00e3o do ingresso de produtos industrializados de origem nacional nas \u00e1reas incentivadas.<\/span><\/p>\n<p style=\"text-align: justify;\"><span style=\"font-family: arial, helvetica, sans-serif;\">A novidade reside no fato de que toda entrada de produtos com incentivos fiscais fica sujeita, tamb\u00e9m, ao controle e fiscaliza\u00e7\u00e3o da Suframa, no \u00e2mbito de suas atribui\u00e7\u00f5es legais, que desenvolver\u00e1 a\u00e7\u00f5es para formalizar o ingresso na \u00e1rea incentivada. N\u00e3o \u00e9 s\u00f3: a Suframa poder\u00e1 passar esses arquivos eletr\u00f4nicos aos estados de origem das mercadorias.<\/span><\/p>\n<p style=\"text-align: justify;\"><span style=\"font-family: arial, helvetica, sans-serif;\">A verifica\u00e7\u00e3o do ingresso nas \u00e1reas incentivadas far-se-\u00e1 mediante cruzamento de dados eletr\u00f4nicos, vistoria documental e\/ou vistoria f\u00edsica dos produtos, pela Suframa e Secretaria da Fazenda do estabelecimento destinat\u00e1rio, de forma simult\u00e2nea ou separadamente, de acordo com a parametriza\u00e7\u00e3o dos respectivos canais de vistoria, em pontos de controle e de fiscaliza\u00e7\u00e3o estabelecidos em protocolo firmado entre os dois \u00f3rg\u00e3os ou no local informado pelo destinat\u00e1rio dos produtos.<\/span><\/p>\n<p style=\"text-align: justify;\"><span style=\"font-family: arial, helvetica, sans-serif;\">Na hip\u00f3tese de o produto internado vir a ser reintroduzido no mercado interno, antes de decorrido o prazo de cinco anos de sua remessa, o estabelecimento que tiver dado causa ao desinternamento recolher\u00e1 o imposto, com atualiza\u00e7\u00e3o monet\u00e1ria, em favor da unidade federada de origem.<\/span><\/p>\n<p style=\"text-align: justify;\"><span style=\"font-family: arial, helvetica, sans-serif;\">Considera-se desinternado o produto que for remetido para fins de comercializa\u00e7\u00e3o ou industrializa\u00e7\u00e3o que for incorporado ao ativo fixo do destinat\u00e1rio, remetido para fins de comercializa\u00e7\u00e3o ou industrializa\u00e7\u00e3o que for utilizado para uso ou consumo do destinat\u00e1rio, que tiver sa\u00eddo das \u00e1reas incentivadas para fins de transfer\u00eancia, loca\u00e7\u00e3o, comodato ou outra forma jur\u00eddica de cess\u00e3o.<\/span><\/p>\n<p style=\"text-align: justify;\"><span style=\"font-family: arial, helvetica, sans-serif;\">As secretarias de Fazenda, Economia, Finan\u00e7as, Receita ou Tributa\u00e7\u00e3o das unidades federadas, a qualquer tempo, poder\u00e3o solicitar \u00e0 Suframa o desinternamento de produtos, quando constatadas irregularidades no ingresso ou ind\u00edcios de simula\u00e7\u00e3o de remessa para as \u00e1reas incentivadas.<\/span><\/p>\n<p style=\"text-align: justify;\"><span style=\"font-family: arial, helvetica, sans-serif;\">A Secretaria da Fzaenda manter\u00e1 \u00e0 disposi\u00e7\u00e3o das demais unidades federadas, pelo prazo de cinco anos, os registros eletr\u00f4nicos relativos aos desinternamentos de produtos das \u00e1reas incentivadas.<\/span><\/p>\n<p style=\"text-align: justify;\"><span style=\"font-family: arial, helvetica, sans-serif;\">\u00c9 certo que o artigo 199 do CTN afirma que \u201ca Fazenda P\u00fablica da Uni\u00e3o e as dos Estados, do Distrito Federal e dos Munic\u00edpios prestar-se-\u00e3o mutuamente assist\u00eancia para a fiscaliza\u00e7\u00e3o dos tributos respectivos e permuta de informa\u00e7\u00f5es, na forma estabelecida, em car\u00e1ter geral ou espec\u00edfico, por lei ou conv\u00eanio\u201d.<\/span><\/p>\n<p style=\"text-align: justify;\"><span style=\"font-family: arial, helvetica, sans-serif;\">Todavia, em tempos atuais, prevalece a dela\u00e7\u00e3o tribut\u00e1ria com entrega da cabe\u00e7a na bandeja.<\/span><\/p>\n<p style=\"text-align: justify;\"><span style=\"font-family: arial, helvetica, sans-serif;\"><strong>FONTE: Conjur &#8211; Por Breno de Paula<\/strong><\/span><\/p>\n","protected":false},"excerpt":{"rendered":"<p>O Conv\u00eanio ICMS 134 cai como um meteoro nas rela\u00e7\u00f5es [&hellip;]<\/p>\n","protected":false},"author":6,"featured_media":0,"comment_status":"closed","ping_status":"open","sticky":false,"template":"","format":"standard","meta":{"jetpack_post_was_ever_published":false,"_jetpack_newsletter_access":"","_jetpack_dont_email_post_to_subs":false,"_jetpack_newsletter_tier_id":0,"_jetpack_memberships_contains_paywalled_content":false,"footnotes":"","_jetpack_memberships_contains_paid_content":false,"jetpack_publicize_message":"","jetpack_publicize_feature_enabled":true,"jetpack_social_post_already_shared":true,"jetpack_social_options":{"image_generator_settings":{"template":"highway","enabled":false}}},"categories":[2],"tags":[],"jetpack_publicize_connections":[],"jetpack_featured_media_url":"","jetpack_sharing_enabled":true,"jetpack_shortlink":"https:\/\/wp.me\/paFpWR-UV","_links":{"self":[{"href":"https:\/\/bonettiassociados.com.br\/index.php\/wp-json\/wp\/v2\/posts\/3529"}],"collection":[{"href":"https:\/\/bonettiassociados.com.br\/index.php\/wp-json\/wp\/v2\/posts"}],"about":[{"href":"https:\/\/bonettiassociados.com.br\/index.php\/wp-json\/wp\/v2\/types\/post"}],"author":[{"embeddable":true,"href":"https:\/\/bonettiassociados.com.br\/index.php\/wp-json\/wp\/v2\/users\/6"}],"replies":[{"embeddable":true,"href":"https:\/\/bonettiassociados.com.br\/index.php\/wp-json\/wp\/v2\/comments?post=3529"}],"version-history":[{"count":1,"href":"https:\/\/bonettiassociados.com.br\/index.php\/wp-json\/wp\/v2\/posts\/3529\/revisions"}],"predecessor-version":[{"id":3530,"href":"https:\/\/bonettiassociados.com.br\/index.php\/wp-json\/wp\/v2\/posts\/3529\/revisions\/3530"}],"wp:attachment":[{"href":"https:\/\/bonettiassociados.com.br\/index.php\/wp-json\/wp\/v2\/media?parent=3529"}],"wp:term":[{"taxonomy":"category","embeddable":true,"href":"https:\/\/bonettiassociados.com.br\/index.php\/wp-json\/wp\/v2\/categories?post=3529"},{"taxonomy":"post_tag","embeddable":true,"href":"https:\/\/bonettiassociados.com.br\/index.php\/wp-json\/wp\/v2\/tags?post=3529"}],"curies":[{"name":"wp","href":"https:\/\/api.w.org\/{rel}","templated":true}]}}