{"id":3527,"date":"2019-07-19T10:26:52","date_gmt":"2019-07-19T13:26:52","guid":{"rendered":"http:\/\/bonettiassociados.com.br\/?p=3527"},"modified":"2019-07-19T10:26:52","modified_gmt":"2019-07-19T13:26:52","slug":"sped-previdenciaria-prorrogado-o-prazo-da-efd-reinf-para-as-empresas-do-3o-grupo","status":"publish","type":"post","link":"https:\/\/bonettiassociados.com.br\/index.php\/2019\/07\/19\/sped-previdenciaria-prorrogado-o-prazo-da-efd-reinf-para-as-empresas-do-3o-grupo\/","title":{"rendered":"SPED\/PREVIDENCI\u00c1RIA &#8211; PRORROGADO O PRAZO DA EFD-REINF PARA AS EMPRESAS DO 3\u00ba GRUPO"},"content":{"rendered":"<p style=\"text-align: justify;\"><span style=\"font-family: arial, helvetica, sans-serif;\">Instru\u00e7\u00e3o Normativa RFB n\u00ba 1.900\/2019 &#8211; DOU 1 de 19.07.2019<\/span><!--more--><\/p>\n<p style=\"text-align: justify;\"><span style=\"font-family: arial, helvetica, sans-serif;\">A norma em refer\u00eancia alterou a Instru\u00e7\u00e3o Normativa RFB n\u00ba 1.701\/2017, que institui a Escritura\u00e7\u00e3o Fiscal Digital de Reten\u00e7\u00f5es e Outras Informa\u00e7\u00f5es Fiscais (EFD-Reinf).<\/span><\/p>\n<p style=\"text-align: justify;\"><span style=\"font-family: arial, helvetica, sans-serif;\">De acordo com a altera\u00e7\u00e3o ora introduzida, foi prorrogado o prazo de entrega da EFD-Reinf, para as empresas do 3\u00ba grupo, devendo apresentar a partir das 8h do dia 10.01.2020, em rela\u00e7\u00e3o aos fatos geradores ocorridos a partir de 1\u00ba.01.2020 (antes, esse prazo estava previsto para ter in\u00edcio a partir de 10.07.2019, alcan\u00e7ando os fatos geradores ocorridos desde 1\u00ba.07.2019).<\/span><\/p>\n<p style=\"text-align: justify;\"><span style=\"font-family: arial, helvetica, sans-serif;\">(Instru\u00e7\u00e3o Normativa RFB n\u00ba 1.900\/2019 &#8211; DOU 1 de 19.07.2019).<\/span><\/p>\n<p style=\"text-align: justify;\"><span style=\"font-family: arial, helvetica, sans-serif;\"><strong>FONTE: Editorial IOB<\/strong><\/span><\/p>\n","protected":false},"excerpt":{"rendered":"<p>Instru\u00e7\u00e3o Normativa RFB n\u00ba 1.900\/2019 &#8211; DOU 1 de 19.07.2019<\/p>\n","protected":false},"author":6,"featured_media":0,"comment_status":"closed","ping_status":"open","sticky":false,"template":"","format":"standard","meta":{"jetpack_post_was_ever_published":false,"_jetpack_newsletter_access":"","_jetpack_dont_email_post_to_subs":false,"_jetpack_newsletter_tier_id":0,"_jetpack_memberships_contains_paywalled_content":false,"footnotes":"","_jetpack_memberships_contains_paid_content":false,"jetpack_publicize_message":"","jetpack_publicize_feature_enabled":true,"jetpack_social_post_already_shared":true,"jetpack_social_options":{"image_generator_settings":{"template":"highway","enabled":false}}},"categories":[2],"tags":[],"jetpack_publicize_connections":[],"jetpack_featured_media_url":"","jetpack_sharing_enabled":true,"jetpack_shortlink":"https:\/\/wp.me\/paFpWR-UT","_links":{"self":[{"href":"https:\/\/bonettiassociados.com.br\/index.php\/wp-json\/wp\/v2\/posts\/3527"}],"collection":[{"href":"https:\/\/bonettiassociados.com.br\/index.php\/wp-json\/wp\/v2\/posts"}],"about":[{"href":"https:\/\/bonettiassociados.com.br\/index.php\/wp-json\/wp\/v2\/types\/post"}],"author":[{"embeddable":true,"href":"https:\/\/bonettiassociados.com.br\/index.php\/wp-json\/wp\/v2\/users\/6"}],"replies":[{"embeddable":true,"href":"https:\/\/bonettiassociados.com.br\/index.php\/wp-json\/wp\/v2\/comments?post=3527"}],"version-history":[{"count":1,"href":"https:\/\/bonettiassociados.com.br\/index.php\/wp-json\/wp\/v2\/posts\/3527\/revisions"}],"predecessor-version":[{"id":3528,"href":"https:\/\/bonettiassociados.com.br\/index.php\/wp-json\/wp\/v2\/posts\/3527\/revisions\/3528"}],"wp:attachment":[{"href":"https:\/\/bonettiassociados.com.br\/index.php\/wp-json\/wp\/v2\/media?parent=3527"}],"wp:term":[{"taxonomy":"category","embeddable":true,"href":"https:\/\/bonettiassociados.com.br\/index.php\/wp-json\/wp\/v2\/categories?post=3527"},{"taxonomy":"post_tag","embeddable":true,"href":"https:\/\/bonettiassociados.com.br\/index.php\/wp-json\/wp\/v2\/tags?post=3527"}],"curies":[{"name":"wp","href":"https:\/\/api.w.org\/{rel}","templated":true}]}}