{"id":3518,"date":"2019-07-19T10:08:07","date_gmt":"2019-07-19T13:08:07","guid":{"rendered":"http:\/\/bonettiassociados.com.br\/?p=3518"},"modified":"2019-07-19T10:08:07","modified_gmt":"2019-07-19T13:08:07","slug":"tributos-e-contribuicoes-federais-disciplinado-o-regime-especial-denominado-repetro-industrializacao","status":"publish","type":"post","link":"https:\/\/bonettiassociados.com.br\/index.php\/2019\/07\/19\/tributos-e-contribuicoes-federais-disciplinado-o-regime-especial-denominado-repetro-industrializacao\/","title":{"rendered":"TRIBUTOS E CONTRIBUI\u00c7\u00d5ES FEDERAIS &#8211; DISCIPLINADO O REGIME ESPECIAL DENOMINADO &#8220;REPETRO-INDUSTRIALIZA\u00c7\u00c3O&#8221;"},"content":{"rendered":"<p style=\"text-align: justify;\"><span style=\"font-family: arial, helvetica, sans-serif;\">Instru\u00e7\u00e3o Normativa RFB n\u00ba 1.901\/2019 &#8211; DOU 1 de 19.07.2019.<\/span><!--more--><\/p>\n<p style=\"text-align: justify;\"><span style=\"font-family: arial, helvetica, sans-serif;\">A Receita Federal baixou a Instru\u00e7\u00e3o Normativa RFB n\u00ba 1.901\/2019, que disp\u00f5e sobre o regime especial de industrializa\u00e7\u00e3o de bens destinados \u00e0s atividades de explora\u00e7\u00e3o, de desenvolvimento e de produ\u00e7\u00e3o de petr\u00f3leo, de g\u00e1s natural e de outros hidrocarbonetos fluidos (Repetro-Industrializa\u00e7\u00e3o).<\/span><\/p>\n<p style=\"text-align: justify;\"><span style=\"font-family: arial, helvetica, sans-serif;\">Esse regime permite \u00e0 pessoa jur\u00eddica habilitada importar ou adquirir, no mercado interno, com suspens\u00e3o do pagamento de tributos federais, mat\u00e9rias-primas, produtos intermedi\u00e1rios e materiais de embalagem para serem utilizados integralmente no processo de industrializa\u00e7\u00e3o de produto final destinado \u00e0s atividades de explora\u00e7\u00e3o, de desenvolvimento e de produ\u00e7\u00e3o de petr\u00f3leo, de g\u00e1s natural e de outros hidrocarbonetos fluidos.<\/span><\/p>\n<p style=\"text-align: justify;\"><span style=\"font-family: arial, helvetica, sans-serif;\">O regime suspende o pagamento:<\/span><\/p>\n<ol style=\"text-align: justify;\">\n<li><span style=\"font-family: arial, helvetica, sans-serif;\">a) da contribui\u00e7\u00e3o para os Programas de Integra\u00e7\u00e3o Social e de Forma\u00e7\u00e3o do Patrim\u00f4nio do Servidor P\u00fablico (contribui\u00e7\u00e3o para o PIS\/Pasep) e da Contribui\u00e7\u00e3o para o Financiamento da Seguridade Social (Cofins) incidentes sobre a receita auferida pela pessoa jur\u00eddica vendedora, decorrente da venda de mat\u00e9rias-primas, produtos intermedi\u00e1rios e materiais de embalagem a pessoa jur\u00eddica habilitada ao regime;<\/span><\/li>\n<li><span style=\"font-family: arial, helvetica, sans-serif;\">b) do Imposto sobre Produtos Industrializados (IPI) incidente na sa\u00edda do estabelecimento industrial ou equiparado, quando a venda no mercado interno de mat\u00e9rias-primas, produtos intermedi\u00e1rios e materiais de embalagem para pessoa jur\u00eddica habilitada ao regime;<\/span><\/li>\n<li><span style=\"font-family: arial, helvetica, sans-serif;\">c) da Contribui\u00e7\u00e3o para o PIS\/Pasep-Importa\u00e7\u00e3o, da Cofins-Importa\u00e7\u00e3o, do IPI vinculado \u00e0 importa\u00e7\u00e3o e do Imposto de Importa\u00e7\u00e3o incidentes sobre mat\u00e9rias-primas, produtos intermedi\u00e1rios e materiais de embalagem, quando importados por pessoa jur\u00eddica habilitada ao regime.O regime tamb\u00e9m suspende o pagamento:<\/span><\/li>\n<li><span style=\"font-family: arial, helvetica, sans-serif;\">a) da contribui\u00e7\u00e3o para o PIS\/Pasep e da Cofins incidentes sobre a receita auferida pela pessoa jur\u00eddica vendedora, decorrente da venda de mat\u00e9rias-primas, produtos intermedi\u00e1rios e materiais de embalagem \u00e0 pessoa jur\u00eddica habilitada, para industrializa\u00e7\u00e3o de bens a serem diretamente fornecidos \u00e0 pessoa jur\u00eddica tamb\u00e9m habilitada ao regime;<\/span><\/li>\n<li><span style=\"font-family: arial, helvetica, sans-serif;\">b) do IPI incidente na sa\u00edda do estabelecimento industrial ou equiparado, quando a venda no mercado interno de mat\u00e9rias-primas, produtos intermedi\u00e1rios e materiais de embalagem for efetuada para pessoa jur\u00eddica habilitada para industrializa\u00e7\u00e3o de bens a serem diretamente fornecidos \u00e0 pessoa jur\u00eddica tamb\u00e9m habilitada ao regime; e<\/span><\/li>\n<li><span style=\"font-family: arial, helvetica, sans-serif;\">c) da Contribui\u00e7\u00e3o para o PIS\/Pasep-Importa\u00e7\u00e3o, da Cofins-Importa\u00e7\u00e3o, do IPI vinculado \u00e0 importa\u00e7\u00e3o e do Imposto de Importa\u00e7\u00e3o incidentes sobre mat\u00e9rias-primas, produtos intermedi\u00e1rios e materiais de embalagem, quando importados por pessoa jur\u00eddica habilitada para industrializa\u00e7\u00e3o de bens a serem diretamente fornecidos \u00e0 pessoa jur\u00eddica tamb\u00e9m habilitada ao regime.<\/span><\/li>\n<\/ol>\n<p style=\"text-align: justify;\"><span style=\"font-family: arial, helvetica, sans-serif;\">A venda do produto final pela pessoa jur\u00eddica habilitada ao regime, \u00e0 pessoa jur\u00eddica benefici\u00e1ria do Repetro ou do Repetro-Sped ser\u00e1 realizada com suspens\u00e3o do pagamento da contribui\u00e7\u00e3o para o PIS\/Pasep, da Cofins e do IPI.<\/span><\/p>\n<p style=\"text-align: justify;\"><span style=\"font-family: arial, helvetica, sans-serif;\">Os produtos remetidos ao estabelecimento autorizado a operar no regime sair\u00e3o do estabelecimento do fornecedor nacional com suspens\u00e3o do pagamento do IPI, da Contribui\u00e7\u00e3o para o PIS\/Pasep e da Cofins, hip\u00f3tese em que dever\u00e1 constar, do documento de sa\u00edda, nos termos da legisla\u00e7\u00e3o espec\u00edfica, o C\u00f3digo Fiscal de Opera\u00e7\u00f5es e Presta\u00e7\u00e3o (CFOP) espec\u00edfico do regime e, no campo destinado \u00e0s informa\u00e7\u00f5es adicionais de interesse do Fisco, a express\u00e3o \u201cSa\u00edda com suspens\u00e3o do pagamento do IPI, da Contribui\u00e7\u00e3o para o PIS\/Pasep e da Cofins, para estabelecimento habilitado ao Repetro-Industrializa\u00e7\u00e3o (ADE DRF n\u00ba&#8230;.., de..\/..\/&#8230;.).\u201d<\/span><\/p>\n<p style=\"text-align: justify;\"><span style=\"font-family: arial, helvetica, sans-serif;\">\u00c9 vedado o registro do valor do IPI com pagamento suspenso na nota fiscal, que n\u00e3o poder\u00e1 ser utilizado como cr\u00e9dito.<\/span><\/p>\n<p style=\"text-align: justify;\"><span style=\"font-family: arial, helvetica, sans-serif;\">O produto final remetido ao estabelecimento autorizado a operar no Repetro ou no Repetro-Sped sair\u00e1 do estabelecimento do fornecedor nacional com suspens\u00e3o do pagamento do IPI, da contribui\u00e7\u00e3o para o PIS\/Pasep e da Cofins, hip\u00f3tese em que dever\u00e1 constar, do documento de sa\u00edda, nos termos da legisla\u00e7\u00e3o espec\u00edfica, o CFOP espec\u00edfico do regime e, no campo destinado \u00e0s informa\u00e7\u00f5es adicionais de interesse do Fisco, a express\u00e3o \u201cSa\u00edda com suspens\u00e3o do pagamento do IPI, da Contribui\u00e7\u00e3o para o PIS\/Pasep e da Cofins, para estabelecimento habilitado ao (Repetro ou Repetro-Sped) (ADE DRF n\u00ba&#8230;.., de..\/..\/&#8230;.).\u201d<\/span><\/p>\n<p style=\"text-align: justify;\"><span style=\"font-family: arial, helvetica, sans-serif;\">Da mesma forma, \u00e9 vedado o registro do valor do IPI com pagamento suspenso na nota fiscal, que n\u00e3o poder\u00e1 ser utilizado como cr\u00e9dito.<\/span><\/p>\n<p style=\"text-align: justify;\"><span style=\"font-family: arial, helvetica, sans-serif;\">O recolhimento dos tributos suspensos, no caso de destina\u00e7\u00e3o para o mercado interno, com o pagamento de tributos, dever\u00e1 ser efetivado at\u00e9 o 15\u00ba dia do m\u00eas subsequente ao da destina\u00e7\u00e3o, aplicando-se essa regra ao recolhimento dos tributos devidos em raz\u00e3o da destrui\u00e7\u00e3o das perdas inerentes ao processo produtivo, que excederem o percentual de exclus\u00e3o declarado.<\/span><\/p>\n<p style=\"text-align: justify;\"><span style=\"font-family: arial, helvetica, sans-serif;\">(Instru\u00e7\u00e3o Normativa RFB n\u00ba 1.901\/2019 &#8211; DOU 1 de 19.07.2019).<\/span><\/p>\n<p style=\"text-align: justify;\"><span style=\"font-family: arial, helvetica, sans-serif;\"><strong>FONTE: Editorial IOB<\/strong><\/span><\/p>\n","protected":false},"excerpt":{"rendered":"<p>Instru\u00e7\u00e3o Normativa RFB n\u00ba 1.901\/2019 &#8211; DOU 1 de 19.07.2019.<\/p>\n","protected":false},"author":6,"featured_media":0,"comment_status":"closed","ping_status":"open","sticky":false,"template":"","format":"standard","meta":{"jetpack_post_was_ever_published":false,"_jetpack_newsletter_access":"","_jetpack_dont_email_post_to_subs":false,"_jetpack_newsletter_tier_id":0,"_jetpack_memberships_contains_paywalled_content":false,"footnotes":"","_jetpack_memberships_contains_paid_content":false,"jetpack_publicize_message":"","jetpack_publicize_feature_enabled":true,"jetpack_social_post_already_shared":true,"jetpack_social_options":{"image_generator_settings":{"template":"highway","enabled":false}}},"categories":[2],"tags":[],"jetpack_publicize_connections":[],"jetpack_featured_media_url":"","jetpack_sharing_enabled":true,"jetpack_shortlink":"https:\/\/wp.me\/paFpWR-UK","_links":{"self":[{"href":"https:\/\/bonettiassociados.com.br\/index.php\/wp-json\/wp\/v2\/posts\/3518"}],"collection":[{"href":"https:\/\/bonettiassociados.com.br\/index.php\/wp-json\/wp\/v2\/posts"}],"about":[{"href":"https:\/\/bonettiassociados.com.br\/index.php\/wp-json\/wp\/v2\/types\/post"}],"author":[{"embeddable":true,"href":"https:\/\/bonettiassociados.com.br\/index.php\/wp-json\/wp\/v2\/users\/6"}],"replies":[{"embeddable":true,"href":"https:\/\/bonettiassociados.com.br\/index.php\/wp-json\/wp\/v2\/comments?post=3518"}],"version-history":[{"count":1,"href":"https:\/\/bonettiassociados.com.br\/index.php\/wp-json\/wp\/v2\/posts\/3518\/revisions"}],"predecessor-version":[{"id":3519,"href":"https:\/\/bonettiassociados.com.br\/index.php\/wp-json\/wp\/v2\/posts\/3518\/revisions\/3519"}],"wp:attachment":[{"href":"https:\/\/bonettiassociados.com.br\/index.php\/wp-json\/wp\/v2\/media?parent=3518"}],"wp:term":[{"taxonomy":"category","embeddable":true,"href":"https:\/\/bonettiassociados.com.br\/index.php\/wp-json\/wp\/v2\/categories?post=3518"},{"taxonomy":"post_tag","embeddable":true,"href":"https:\/\/bonettiassociados.com.br\/index.php\/wp-json\/wp\/v2\/tags?post=3518"}],"curies":[{"name":"wp","href":"https:\/\/api.w.org\/{rel}","templated":true}]}}