{"id":3506,"date":"2019-07-18T11:26:53","date_gmt":"2019-07-18T14:26:53","guid":{"rendered":"http:\/\/bonettiassociados.com.br\/?p=3506"},"modified":"2019-07-18T11:26:53","modified_gmt":"2019-07-18T14:26:53","slug":"forma-linear-empresa-nao-pode-adiar-inicio-da-amortizacao-de-agio-diz-receita","status":"publish","type":"post","link":"https:\/\/bonettiassociados.com.br\/index.php\/2019\/07\/18\/forma-linear-empresa-nao-pode-adiar-inicio-da-amortizacao-de-agio-diz-receita\/","title":{"rendered":"FORMA LINEAR &#8211; EMPRESA N\u00c3O PODE ADIAR IN\u00cdCIO DA AMORTIZA\u00c7\u00c3O DE \u00c1GIO, DIZ RECEITA"},"content":{"rendered":"<p style=\"text-align: justify;\"><span style=\"font-family: arial, helvetica, sans-serif;\">N\u00e3o \u00e9 poss\u00edvel postergar a amortiza\u00e7\u00e3o de \u00e1gio, que deve ser feita logo ap\u00f3s incorpora\u00e7\u00e3o, fus\u00e3o ou cis\u00e3o e finalizada em, no m\u00e1ximo, cinco anos. A orienta\u00e7\u00e3o est\u00e1 fixada na Solu\u00e7\u00e3o de Consulta n\u00ba 223, da Receita Federal, publicada no dia 26\/6.<\/span><!--more--><\/p>\n<p style=\"text-align: justify;\"><span style=\"font-family: arial, helvetica, sans-serif;\">De acordo com a Receita, a amortiza\u00e7\u00e3o &#8220;deve ser realizada de maneira ininterrupta, iniciando no primeiro per\u00edodo de apura\u00e7\u00e3o ap\u00f3s a incorpora\u00e7\u00e3o, fus\u00e3o ou cis\u00e3o, em raz\u00e3o fixa ali determinada, n\u00e3o superior a 1\/60 para cada m\u00eas do per\u00edodo de apura\u00e7\u00e3o&#8221;.<\/span><\/p>\n<p style=\"text-align: justify;\"><span style=\"font-family: arial, helvetica, sans-serif;\">A solu\u00e7\u00e3o de consulta se baseou em questionamento de uma empresa que quer incorporar outra. Ela adquiriu participa\u00e7\u00e3o societ\u00e1ria em dois momentos: novembro de 2012 e novembro de 2015. Na \u00e9poca da aquisi\u00e7\u00e3o, foi gerado \u00e1gio por rentabilidade futura.<\/span><\/p>\n<p style=\"text-align: justify;\"><span style=\"font-family: arial, helvetica, sans-serif;\">Para a empresa, a legisla\u00e7\u00e3o \u00e9 omissa quanto ao termo de in\u00edcio da amortiza\u00e7\u00e3o do \u00e1gio. Por isso, considera legal inici\u00e1-la em janeiro de 2027, desde que seja feita de forma linear e constante ap\u00f3s seu in\u00edcio e que respeite o limite m\u00e1ximo de amortiza\u00e7\u00e3o mensal de 1\/60.<\/span><\/p>\n<p style=\"text-align: justify;\"><span style=\"font-family: arial, helvetica, sans-serif;\">Entretanto, para a Receita, de acordo com a Lei n\u00ba 12.973, de 2014, o termo inicial para amortiza\u00e7\u00e3o de \u00e1gio \u00e9 o primeiro balan\u00e7o feito imediatamente ap\u00f3s a ocorr\u00eancia da opera\u00e7\u00e3o que de absor\u00e7\u00e3o de patrim\u00f4nio. E n\u00e3o deve haver interrup\u00e7\u00e3o na amortiza\u00e7\u00e3o.<\/span><\/p>\n<p style=\"text-align: justify;\"><span style=\"font-family: arial, helvetica, sans-serif;\">Colis\u00e3o<\/span><\/p>\n<p style=\"text-align: justify;\"><span style=\"font-family: arial, helvetica, sans-serif;\">Para o tributarista Breno de Paula, a Solu\u00e7\u00e3o de Consulta afronta um dos principais fundamentos do Direito, o de que &#8220;n\u00e3o cabe ao int\u00e9rprete distinguir se o legislador n\u00e3o o fez&#8221;.<\/span><\/p>\n<p style=\"text-align: justify;\"><span style=\"font-family: arial, helvetica, sans-serif;\">&#8220;\u00c9 impressionante a pol\u00edtica p\u00fablica restritiva de direitos da Receita Federal do Brasil. Ora, a legisla\u00e7\u00e3o \u00e9 omissa quanto ao termo de in\u00edcio da amortiza\u00e7\u00e3o do \u00e1gio, assim, tem o contribuinte o direito de usufruir seu direito plenamente desde que seja feita de forma linear e constante ap\u00f3s seu in\u00edcio e que respeite o limite m\u00e1ximo de amortiza\u00e7\u00e3o mensal de 1\/60\u201d, aponta.<\/span><\/p>\n<p style=\"text-align: justify;\"><span style=\"font-family: arial, helvetica, sans-serif;\">Segundo o especialista em Direito Tribut\u00e1rio F\u00e1bio Calcini, embora a solu\u00e7\u00e3o de consulta seja relevante para explicitar o posicionamento sobre o tema, esta se pautou por uma interpreta\u00e7\u00e3o mais literal e restritiva, fugindo da pr\u00f3pria finalidade da exist\u00eancia do \u00e1gio.<\/span><\/p>\n<p style=\"text-align: justify;\"><span style=\"font-family: arial, helvetica, sans-serif;\">&#8220;Apesar da posi\u00e7\u00e3o da Receita Federal, naturalmente, existe abertura para outras interpreta\u00e7\u00f5es, sobretudo, quando \u00e0 forma e prazo de utiliza\u00e7\u00e3o, que n\u00e3o se resumiria a 1\/60. Como esse seria o teto, a empresa poderia amortizar em percentual menor&#8221;, diz.<\/span><\/p>\n<p style=\"text-align: justify;\"><span style=\"font-family: arial, helvetica, sans-serif;\"><strong>FONTE: Conjur &#8211; Por Gabriela Coelho<\/strong><\/span><\/p>\n","protected":false},"excerpt":{"rendered":"<p>N\u00e3o \u00e9 poss\u00edvel postergar a amortiza\u00e7\u00e3o de \u00e1gio, que deve [&hellip;]<\/p>\n","protected":false},"author":6,"featured_media":0,"comment_status":"closed","ping_status":"open","sticky":false,"template":"","format":"standard","meta":{"jetpack_post_was_ever_published":false,"_jetpack_newsletter_access":"","_jetpack_dont_email_post_to_subs":false,"_jetpack_newsletter_tier_id":0,"_jetpack_memberships_contains_paywalled_content":false,"footnotes":"","_jetpack_memberships_contains_paid_content":false,"jetpack_publicize_message":"","jetpack_publicize_feature_enabled":true,"jetpack_social_post_already_shared":true,"jetpack_social_options":{"image_generator_settings":{"template":"highway","enabled":false}}},"categories":[2],"tags":[],"jetpack_publicize_connections":[],"jetpack_featured_media_url":"","jetpack_sharing_enabled":true,"jetpack_shortlink":"https:\/\/wp.me\/paFpWR-Uy","_links":{"self":[{"href":"https:\/\/bonettiassociados.com.br\/index.php\/wp-json\/wp\/v2\/posts\/3506"}],"collection":[{"href":"https:\/\/bonettiassociados.com.br\/index.php\/wp-json\/wp\/v2\/posts"}],"about":[{"href":"https:\/\/bonettiassociados.com.br\/index.php\/wp-json\/wp\/v2\/types\/post"}],"author":[{"embeddable":true,"href":"https:\/\/bonettiassociados.com.br\/index.php\/wp-json\/wp\/v2\/users\/6"}],"replies":[{"embeddable":true,"href":"https:\/\/bonettiassociados.com.br\/index.php\/wp-json\/wp\/v2\/comments?post=3506"}],"version-history":[{"count":1,"href":"https:\/\/bonettiassociados.com.br\/index.php\/wp-json\/wp\/v2\/posts\/3506\/revisions"}],"predecessor-version":[{"id":3507,"href":"https:\/\/bonettiassociados.com.br\/index.php\/wp-json\/wp\/v2\/posts\/3506\/revisions\/3507"}],"wp:attachment":[{"href":"https:\/\/bonettiassociados.com.br\/index.php\/wp-json\/wp\/v2\/media?parent=3506"}],"wp:term":[{"taxonomy":"category","embeddable":true,"href":"https:\/\/bonettiassociados.com.br\/index.php\/wp-json\/wp\/v2\/categories?post=3506"},{"taxonomy":"post_tag","embeddable":true,"href":"https:\/\/bonettiassociados.com.br\/index.php\/wp-json\/wp\/v2\/tags?post=3506"}],"curies":[{"name":"wp","href":"https:\/\/api.w.org\/{rel}","templated":true}]}}