{"id":3495,"date":"2019-07-17T10:33:33","date_gmt":"2019-07-17T13:33:33","guid":{"rendered":"http:\/\/bonettiassociados.com.br\/?p=3495"},"modified":"2019-07-17T10:33:33","modified_gmt":"2019-07-17T13:33:33","slug":"lista-do-nao-me-perturbe-ja-tem-mais-de-600-mil-pessoas","status":"publish","type":"post","link":"https:\/\/bonettiassociados.com.br\/index.php\/2019\/07\/17\/lista-do-nao-me-perturbe-ja-tem-mais-de-600-mil-pessoas\/","title":{"rendered":"LISTA DO N\u00c3O ME PERTURBE J\u00c1 TEM MAIS DE 600 MIL PESSOAS"},"content":{"rendered":"<p style=\"text-align: justify;\"><span style=\"font-family: arial, helvetica, sans-serif;\">O site N\u00e3o me Perturbe j\u00e1 teve 620 mil pessoas cadastradas no primeiro dia no ar.<\/span><!--more--><\/p>\n<p style=\"text-align: justify;\"><span style=\"font-family: arial, helvetica, sans-serif;\">A iniciativa \u00e9 das operadoras de telecomunica\u00e7\u00f5es e atende a uma determina\u00e7\u00e3o da Ag\u00eancia Nacional de Telecomunica\u00e7\u00f5es (Anatel). O site \u00e9 um canal no qual podem se cadastrar pessoas que n\u00e3o desejam mais receber chamadas de telemarketing de servi\u00e7os de telefonia, dados e de TV paga.<\/span><\/p>\n<p style=\"text-align: justify;\"><span style=\"font-family: arial, helvetica, sans-serif;\">O balan\u00e7o preliminar foi divulgado pela Anatel em reuni\u00e3o com representantes das companhias do setor e do Minist\u00e9rio da Ci\u00eancia, Tecnologia, Inova\u00e7\u00f5es e Comunica\u00e7\u00f5es (MCTIC), nesta ter\u00e7a-feira (16).<\/span><\/p>\n<p style=\"text-align: justify;\"><span style=\"font-family: arial, helvetica, sans-serif;\">As pessoas que n\u00e3o desejarem receber esse tipo de chamada podem incluir seu nome no site, no ar desde o in\u00edcio desta ter\u00e7a-feira (16).<\/span><\/p>\n<p style=\"text-align: justify;\"><span style=\"font-family: arial, helvetica, sans-serif;\">A lista vai ser \u00fanica e atingir\u00e1 as principais empresas do setor: Algar, Claro\/Net, Nextel, Oi, Sercomtel, Sky, TIM e Vivo.<\/span><\/p>\n<p style=\"text-align: justify;\"><span style=\"font-family: arial, helvetica, sans-serif;\">Segundo a Anatel, se uma pessoa solicitar a sua inclus\u00e3o na lista do N\u00e3o me Perturbe e continuar recebendo liga\u00e7\u00f5es de oferta de bens e servi\u00e7os de telecomunica\u00e7\u00f5es, pode ligar para o n\u00famero 1331 e fazer uma reclama\u00e7\u00e3o. As san\u00e7\u00f5es podem variar de advert\u00eancia a multa de at\u00e9 R$ 50 milh\u00f5es.<\/span><\/p>\n<p style=\"text-align: justify;\"><span style=\"font-family: arial, helvetica, sans-serif;\"><strong>FONTE: Ag\u00eancia Brasil \u2013 Geral \u2013 Por Jonas Valente &#8211; Rep\u00f3rter da Ag\u00eancia Brasil<\/strong><\/span><\/p>\n","protected":false},"excerpt":{"rendered":"<p>O site N\u00e3o me Perturbe j\u00e1 teve 620 mil pessoas [&hellip;]<\/p>\n","protected":false},"author":6,"featured_media":0,"comment_status":"closed","ping_status":"open","sticky":false,"template":"","format":"standard","meta":{"jetpack_post_was_ever_published":false,"_jetpack_newsletter_access":"","_jetpack_dont_email_post_to_subs":false,"_jetpack_newsletter_tier_id":0,"_jetpack_memberships_contains_paywalled_content":false,"footnotes":"","_jetpack_memberships_contains_paid_content":false,"jetpack_publicize_message":"","jetpack_publicize_feature_enabled":true,"jetpack_social_post_already_shared":true,"jetpack_social_options":{"image_generator_settings":{"template":"highway","enabled":false}}},"categories":[2],"tags":[],"jetpack_publicize_connections":[],"jetpack_featured_media_url":"","jetpack_sharing_enabled":true,"jetpack_shortlink":"https:\/\/wp.me\/paFpWR-Un","_links":{"self":[{"href":"https:\/\/bonettiassociados.com.br\/index.php\/wp-json\/wp\/v2\/posts\/3495"}],"collection":[{"href":"https:\/\/bonettiassociados.com.br\/index.php\/wp-json\/wp\/v2\/posts"}],"about":[{"href":"https:\/\/bonettiassociados.com.br\/index.php\/wp-json\/wp\/v2\/types\/post"}],"author":[{"embeddable":true,"href":"https:\/\/bonettiassociados.com.br\/index.php\/wp-json\/wp\/v2\/users\/6"}],"replies":[{"embeddable":true,"href":"https:\/\/bonettiassociados.com.br\/index.php\/wp-json\/wp\/v2\/comments?post=3495"}],"version-history":[{"count":1,"href":"https:\/\/bonettiassociados.com.br\/index.php\/wp-json\/wp\/v2\/posts\/3495\/revisions"}],"predecessor-version":[{"id":3496,"href":"https:\/\/bonettiassociados.com.br\/index.php\/wp-json\/wp\/v2\/posts\/3495\/revisions\/3496"}],"wp:attachment":[{"href":"https:\/\/bonettiassociados.com.br\/index.php\/wp-json\/wp\/v2\/media?parent=3495"}],"wp:term":[{"taxonomy":"category","embeddable":true,"href":"https:\/\/bonettiassociados.com.br\/index.php\/wp-json\/wp\/v2\/categories?post=3495"},{"taxonomy":"post_tag","embeddable":true,"href":"https:\/\/bonettiassociados.com.br\/index.php\/wp-json\/wp\/v2\/tags?post=3495"}],"curies":[{"name":"wp","href":"https:\/\/api.w.org\/{rel}","templated":true}]}}