{"id":3485,"date":"2019-07-17T10:03:13","date_gmt":"2019-07-17T13:03:13","guid":{"rendered":"http:\/\/bonettiassociados.com.br\/?p=3485"},"modified":"2019-07-17T10:03:13","modified_gmt":"2019-07-17T13:03:13","slug":"tributo-valido-cide-sobre-folha-salarial-anterior-a-ec-33-2001-nao-foi-revogada-diz-trf-4","status":"publish","type":"post","link":"https:\/\/bonettiassociados.com.br\/index.php\/2019\/07\/17\/tributo-valido-cide-sobre-folha-salarial-anterior-a-ec-33-2001-nao-foi-revogada-diz-trf-4\/","title":{"rendered":"TRIBUTO V\u00c1LIDO &#8211; CIDE SOBRE FOLHA SALARIAL ANTERIOR \u00c0 EC 33\/2001 N\u00c3O FOI REVOGADA, DIZ TRF-4"},"content":{"rendered":"<p style=\"text-align: justify;\"><span style=\"font-family: arial, helvetica, sans-serif;\">A Contribui\u00e7\u00e3o de Interven\u00e7\u00e3o no Dom\u00ednio Econ\u00f4mico (Cide) sobre folhas de sal\u00e1rios anteriores \u00e0 promulga\u00e7\u00e3o da Emenda Constitucional 33\/2001 n\u00e3o foi revogada pela norma.<\/span><!--more--><\/p>\n<p style=\"text-align: justify;\"><span style=\"font-family: arial, helvetica, sans-serif;\">A Contribui\u00e7\u00e3o de Interven\u00e7\u00e3o no Dom\u00ednio Econ\u00f4mico (Cide) sobre folhas de sal\u00e1rios anteriores \u00e0 promulga\u00e7\u00e3o da Emenda Constitucional 33\/2001 n\u00e3o foi revogada pela norma. Com esse entendimento, a 1\u00aa Turma do Tribunal Regional Federal da 4\u00aa Regi\u00e3o, por unanimidade, negou recurso de uma empresa e manteve a incid\u00eancia das contribui\u00e7\u00f5es sociais do sal\u00e1rio educa\u00e7\u00e3o e do Instituto Nacional de Coloniza\u00e7\u00e3o e Reforma Agr\u00e1ria (Incra) sobre a folha de sal\u00e1rios.<\/span><\/p>\n<p style=\"text-align: justify;\"><span style=\"font-family: arial, helvetica, sans-serif;\">Em mandado de seguran\u00e7a, a empresa alegou que o artigo 149, par\u00e1grafo 2\u00ba, III, a, da Constitui\u00e7\u00e3o Federal limitou a incid\u00eancia da Cide ao faturamento, \u00e0 receita bruta ou ao valor da opera\u00e7\u00e3o e, no caso de importa\u00e7\u00e3o, ao valor aduaneiro. Al\u00e9m disso, a companhia apontou que, a partir da EC 33\/2001, a folha salarial n\u00e3o pode mais ser base de c\u00e1lculo do tributo.<\/span><\/p>\n<p style=\"text-align: justify;\"><span style=\"font-family: arial, helvetica, sans-serif;\">O relator do caso, desembargador federal Roger Raupp Rios, afirmou que as contribui\u00e7\u00f5es incidentes sobre a folha de sal\u00e1rios anteriores \u00e0 altera\u00e7\u00e3o promovida pela emenda n\u00e3o foram por ela revogadas.<\/span><\/p>\n<p style=\"text-align: justify;\"><span style=\"font-family: arial, helvetica, sans-serif;\">\u201cA al\u00ednea a do inciso III do par\u00e1grafo 2\u00ba do artigo 149 da Constitui\u00e7\u00e3o, que prev\u00ea como bases de c\u00e1lculo das contribui\u00e7\u00f5es sociais e de interven\u00e7\u00e3o no dom\u00ednio econ\u00f4mico o faturamento, a receita bruta, o valor da opera\u00e7\u00e3o e, na hip\u00f3tese de importa\u00e7\u00e3o, o valor aduaneiro, n\u00e3o cont\u00e9m rol taxativo. Apenas declinou bases de c\u00e1lculo sobre as quais as contribui\u00e7\u00f5es poder\u00e3o incidir.\u201d<\/span><\/p>\n<p style=\"text-align: justify;\"><span style=\"font-family: arial, helvetica, sans-serif;\">Como o Supremo Tribunal Federal n\u00e3o estabeleceu que as contribui\u00e7\u00f5es incidentes sobre a folha de sal\u00e1rios, anteriores \u00e0 altera\u00e7\u00e3o promovida pela EC 33\/2001 no artigo 149 da Constitui\u00e7\u00e3o, teriam sido por ela revogadas, o relator votou por manter a cobran\u00e7a.<\/span><\/p>\n<p style=\"text-align: justify;\"><span style=\"font-family: arial, helvetica, sans-serif;\">Ele ainda disse ser v\u00e1lida a cobran\u00e7a de 0,2% sobre a folha de sal\u00e1rios para o Incra. A pol\u00edtica agr\u00edcola e fundi\u00e1ria e a reforma agr\u00e1ria est\u00e3o inseridas no T\u00edtulo VII da Constitui\u00e7\u00e3o, que trata da ordem econ\u00f4mica e financeira.<\/span><\/p>\n<p style=\"text-align: justify;\"><span style=\"font-family: arial, helvetica, sans-serif;\">\u201cA desapropria\u00e7\u00e3o de im\u00f3veis rurais exige recursos espec\u00edficos previstos em or\u00e7amento, e o Incra \u00e9 delegado por lei para promover e executar a reforma agr\u00e1ria. Por essa raz\u00e3o a contribui\u00e7\u00e3o de 0,2% sobre a folha de sal\u00e1rios que lhe \u00e9 destinada se caracteriza como contribui\u00e7\u00e3o de interven\u00e7\u00e3o no dom\u00ednio econ\u00f4mico, nos termos do artigo 149 da Constitui\u00e7\u00e3o\u201d, explicou.<\/span><\/p>\n<p style=\"text-align: justify;\"><span style=\"font-family: arial, helvetica, sans-serif;\">Em caso de contribui\u00e7\u00e3o de interven\u00e7\u00e3o no dom\u00ednio econ\u00f4mico, n\u00e3o se exige que o contribuinte dela tire algum proveito, ressaltou o relator, lembrando precedente do STF (Agravo de Instrumento no Agravo Regimental 663.176). Dessa maneira, o tributo pode ser cobrado de todos os empregadores, inclusive das empresas urbanas.<\/span><\/p>\n<p style=\"text-align: justify;\"><span style=\"font-family: arial, helvetica, sans-serif;\">Processo 5060241-22.2018.4.04.7000.<\/span><\/p>\n<p style=\"text-align: justify;\"><span style=\"font-family: arial, helvetica, sans-serif;\"><strong>FONTE: Conjur &#8211; Por S\u00e9rgio Rodas<\/strong><\/span><\/p>\n","protected":false},"excerpt":{"rendered":"<p>A Contribui\u00e7\u00e3o de Interven\u00e7\u00e3o no Dom\u00ednio Econ\u00f4mico (Cide) sobre folhas [&hellip;]<\/p>\n","protected":false},"author":6,"featured_media":0,"comment_status":"closed","ping_status":"open","sticky":false,"template":"","format":"standard","meta":{"jetpack_post_was_ever_published":false,"_jetpack_newsletter_access":"","_jetpack_dont_email_post_to_subs":false,"_jetpack_newsletter_tier_id":0,"_jetpack_memberships_contains_paywalled_content":false,"footnotes":"","_jetpack_memberships_contains_paid_content":false,"jetpack_publicize_message":"","jetpack_publicize_feature_enabled":true,"jetpack_social_post_already_shared":true,"jetpack_social_options":{"image_generator_settings":{"template":"highway","enabled":false}}},"categories":[2],"tags":[],"jetpack_publicize_connections":[],"jetpack_featured_media_url":"","jetpack_sharing_enabled":true,"jetpack_shortlink":"https:\/\/wp.me\/paFpWR-Ud","_links":{"self":[{"href":"https:\/\/bonettiassociados.com.br\/index.php\/wp-json\/wp\/v2\/posts\/3485"}],"collection":[{"href":"https:\/\/bonettiassociados.com.br\/index.php\/wp-json\/wp\/v2\/posts"}],"about":[{"href":"https:\/\/bonettiassociados.com.br\/index.php\/wp-json\/wp\/v2\/types\/post"}],"author":[{"embeddable":true,"href":"https:\/\/bonettiassociados.com.br\/index.php\/wp-json\/wp\/v2\/users\/6"}],"replies":[{"embeddable":true,"href":"https:\/\/bonettiassociados.com.br\/index.php\/wp-json\/wp\/v2\/comments?post=3485"}],"version-history":[{"count":1,"href":"https:\/\/bonettiassociados.com.br\/index.php\/wp-json\/wp\/v2\/posts\/3485\/revisions"}],"predecessor-version":[{"id":3486,"href":"https:\/\/bonettiassociados.com.br\/index.php\/wp-json\/wp\/v2\/posts\/3485\/revisions\/3486"}],"wp:attachment":[{"href":"https:\/\/bonettiassociados.com.br\/index.php\/wp-json\/wp\/v2\/media?parent=3485"}],"wp:term":[{"taxonomy":"category","embeddable":true,"href":"https:\/\/bonettiassociados.com.br\/index.php\/wp-json\/wp\/v2\/categories?post=3485"},{"taxonomy":"post_tag","embeddable":true,"href":"https:\/\/bonettiassociados.com.br\/index.php\/wp-json\/wp\/v2\/tags?post=3485"}],"curies":[{"name":"wp","href":"https:\/\/api.w.org\/{rel}","templated":true}]}}