{"id":3477,"date":"2019-07-17T09:56:23","date_gmt":"2019-07-17T12:56:23","guid":{"rendered":"http:\/\/bonettiassociados.com.br\/?p=3477"},"modified":"2019-07-17T09:56:23","modified_gmt":"2019-07-17T12:56:23","slug":"cedula-comercial-ajuizamento-de-segunda-acao-pelo-devedor-para-questionar-debito-nao-afeta-prescricao","status":"publish","type":"post","link":"https:\/\/bonettiassociados.com.br\/index.php\/2019\/07\/17\/cedula-comercial-ajuizamento-de-segunda-acao-pelo-devedor-para-questionar-debito-nao-afeta-prescricao\/","title":{"rendered":"C\u00c9DULA COMERCIAL &#8211; AJUIZAMENTO DE SEGUNDA A\u00c7\u00c3O PELO DEVEDOR PARA QUESTIONAR D\u00c9BITO N\u00c3O AFETA PRESCRI\u00c7\u00c3O"},"content":{"rendered":"<p style=\"text-align: justify;\"><span style=\"font-family: arial, helvetica, sans-serif;\">Doutrina \u00e9 un\u00edssona ao afirmar que a interrup\u00e7\u00e3o somente ocorre uma \u00fanica vez para determinado prazo prescricional, explica Nancy Andrighi.<\/span><!--more--><\/p>\n<p style=\"text-align: justify;\"><span style=\"font-family: arial, helvetica, sans-serif;\">O ajuizamento de uma segunda a\u00e7\u00e3o pelo devedor para questionar d\u00e9bito n\u00e3o afeta o prazo prescricional. Assim fixou a 3\u00aa Turma do Superior Tribunal de Justi\u00e7a ao dar provimento ao recurso especial de uma cl\u00ednica para declarar prescrita a c\u00e9dula de cr\u00e9dito comercial da qual era devedora.<\/span><\/p>\n<p style=\"text-align: justify;\"><span style=\"font-family: arial, helvetica, sans-serif;\">No caso, prevaleceu entendimento da relatora, ministra Nancy Andrighi. Segundo ela, a jurisprud\u00eancia da corte \u00e9 no sentido de que, n\u00e3o se tratando de execu\u00e7\u00e3o (cujo prazo \u00e9 trienal), a prescri\u00e7\u00e3o da pretens\u00e3o do credor em a\u00e7\u00e3o de cobran\u00e7a de t\u00edtulo de cr\u00e9dito est\u00e1 sujeita ao prazo de 20 anos das a\u00e7\u00f5es pessoais, na vig\u00eancia do C\u00f3digo Civil de 1916 \u2014 prazo reduzido para cinco anos no c\u00f3digo de 2002.<\/span><\/p>\n<p style=\"text-align: justify;\"><span style=\"font-family: arial, helvetica, sans-serif;\">&#8220;A jurisprud\u00eancia considera que a propositura de demanda judicial pelo devedor \u2014 seja anulat\u00f3ria, seja de susta\u00e7\u00e3o de protesto \u2014, que importe em impugna\u00e7\u00e3o do d\u00e9bito contratual ou de c\u00e1rtula representativa do direito do credor, \u00e9 causa interruptiva da prescri\u00e7\u00e3o&#8221;, explica Nancy.<\/span><\/p>\n<p style=\"text-align: justify;\"><span style=\"font-family: arial, helvetica, sans-serif;\">Segundo a ministra, no caso de interrup\u00e7\u00e3o do prazo prescricional por propositura de a\u00e7\u00e3o judicial, a legisla\u00e7\u00e3o \u00e9 expressa ao dispor que o rein\u00edcio da contagem ocorre ap\u00f3s o encerramento do processo, conforme disp\u00f5e o par\u00e1grafo \u00fanico do artigo 202 do C\u00f3digo Civil.<\/span><\/p>\n<p style=\"text-align: justify;\"><span style=\"font-family: arial, helvetica, sans-serif;\">&#8220;No mesmo dispositivo, est\u00e1 expresso que a interrup\u00e7\u00e3o da prescri\u00e7\u00e3o se d\u00e1 apenas uma vez. A doutrina \u00e9 un\u00edssona ao afirmar que a interrup\u00e7\u00e3o somente ocorre uma \u00fanica vez para determinado prazo prescricional.&#8221;<\/span><\/p>\n<p style=\"text-align: justify;\"><span style=\"font-family: arial, helvetica, sans-serif;\">A ministra diz ainda que a c\u00e9dula de cr\u00e9dito comercial firmada entre as partes venceu em agosto de 2000, por\u00e9m, no mesmo ano, a recorrente ajuizou a\u00e7\u00e3o anulat\u00f3ria cuja senten\u00e7a de improced\u00eancia transitou em julgado em mar\u00e7o de 2008.<\/span><\/p>\n<p style=\"text-align: justify;\"><span style=\"font-family: arial, helvetica, sans-serif;\">&#8220;A partir desse momento, reiniciou-se a contagem do prazo prescricional de cinco anos, n\u00e3o tendo, todavia, transcorrido por inteiro o prazo at\u00e9 o ajuizamento da presente demanda, em 2011. Contudo, como discutido acima, essa nova lide \u00e9 incapaz de interromper mais uma vez o decurso do prazo prescricional da c\u00e9dula de cr\u00e9dito comercial&#8221;, disse.<\/span><\/p>\n<p style=\"text-align: justify;\"><span style=\"font-family: arial, helvetica, sans-serif;\">Caso<\/span><\/p>\n<p style=\"text-align: justify;\"><span style=\"font-family: arial, helvetica, sans-serif;\">No recurso especial, a cl\u00ednica pediu que fosse declarada prescrita a c\u00e9dula de cr\u00e9dito comercial da qual era devedora, ao entendimento de que, ap\u00f3s o ajuizamento de uma a\u00e7\u00e3o anulat\u00f3ria em 2000 e de outra em 2011, n\u00e3o houve a interrup\u00e7\u00e3o do prazo prescricional pela \u00faltima a\u00e7\u00e3o, tendo transcorrido o prazo para o banco credor cobrar a d\u00edvida.<\/span><\/p>\n<p style=\"text-align: justify;\"><span style=\"font-family: arial, helvetica, sans-serif;\">O recurso teve origem na segunda a\u00e7\u00e3o ajuizada pela recorrente, na qual pleiteou a declara\u00e7\u00e3o da prescri\u00e7\u00e3o da pretens\u00e3o de cobran\u00e7a de d\u00edvida documentada em c\u00e9dula de cr\u00e9dito comercial, j\u00e1 que, ap\u00f3s o vencimento do t\u00edtulo, o banco n\u00e3o exigiu seu pagamento. A primeira a\u00e7\u00e3o anulat\u00f3ria foi proposta em fevereiro de 2000, tendo a senten\u00e7a de improced\u00eancia transitado em julgado em mar\u00e7o de 2008.<\/span><\/p>\n<p style=\"text-align: justify;\"><span style=\"font-family: arial, helvetica, sans-serif;\">O ju\u00edzo de primeiro grau julgou improcedente o pedido da segunda a\u00e7\u00e3o, e a apela\u00e7\u00e3o foi negada pelo Tribunal de Justi\u00e7a do Rio de Janeiro, o qual entendeu n\u00e3o ter havido prescri\u00e7\u00e3o, pois, ainda que a primeira a\u00e7\u00e3o tenha interrompido o prazo, a segunda tamb\u00e9m o fez.<\/span><\/p>\n<p style=\"text-align: justify;\"><span style=\"font-family: arial, helvetica, sans-serif;\">Ac\u00f3rd\u00e3o REsp 1.810.431<\/span><\/p>\n<p style=\"text-align: justify;\"><span style=\"font-family: arial, helvetica, sans-serif;\"><strong>FONTE: Conjur &#8211; Por Gabriela Coelho<\/strong><\/span><\/p>\n","protected":false},"excerpt":{"rendered":"<p>Doutrina \u00e9 un\u00edssona ao afirmar que a interrup\u00e7\u00e3o somente ocorre [&hellip;]<\/p>\n","protected":false},"author":6,"featured_media":0,"comment_status":"closed","ping_status":"open","sticky":false,"template":"","format":"standard","meta":{"jetpack_post_was_ever_published":false,"_jetpack_newsletter_access":"","_jetpack_dont_email_post_to_subs":false,"_jetpack_newsletter_tier_id":0,"_jetpack_memberships_contains_paywalled_content":false,"footnotes":"","_jetpack_memberships_contains_paid_content":false,"jetpack_publicize_message":"","jetpack_publicize_feature_enabled":true,"jetpack_social_post_already_shared":true,"jetpack_social_options":{"image_generator_settings":{"template":"highway","enabled":false}}},"categories":[2],"tags":[],"jetpack_publicize_connections":[],"jetpack_featured_media_url":"","jetpack_sharing_enabled":true,"jetpack_shortlink":"https:\/\/wp.me\/paFpWR-U5","_links":{"self":[{"href":"https:\/\/bonettiassociados.com.br\/index.php\/wp-json\/wp\/v2\/posts\/3477"}],"collection":[{"href":"https:\/\/bonettiassociados.com.br\/index.php\/wp-json\/wp\/v2\/posts"}],"about":[{"href":"https:\/\/bonettiassociados.com.br\/index.php\/wp-json\/wp\/v2\/types\/post"}],"author":[{"embeddable":true,"href":"https:\/\/bonettiassociados.com.br\/index.php\/wp-json\/wp\/v2\/users\/6"}],"replies":[{"embeddable":true,"href":"https:\/\/bonettiassociados.com.br\/index.php\/wp-json\/wp\/v2\/comments?post=3477"}],"version-history":[{"count":1,"href":"https:\/\/bonettiassociados.com.br\/index.php\/wp-json\/wp\/v2\/posts\/3477\/revisions"}],"predecessor-version":[{"id":3478,"href":"https:\/\/bonettiassociados.com.br\/index.php\/wp-json\/wp\/v2\/posts\/3477\/revisions\/3478"}],"wp:attachment":[{"href":"https:\/\/bonettiassociados.com.br\/index.php\/wp-json\/wp\/v2\/media?parent=3477"}],"wp:term":[{"taxonomy":"category","embeddable":true,"href":"https:\/\/bonettiassociados.com.br\/index.php\/wp-json\/wp\/v2\/categories?post=3477"},{"taxonomy":"post_tag","embeddable":true,"href":"https:\/\/bonettiassociados.com.br\/index.php\/wp-json\/wp\/v2\/tags?post=3477"}],"curies":[{"name":"wp","href":"https:\/\/api.w.org\/{rel}","templated":true}]}}