{"id":3475,"date":"2019-07-17T09:55:24","date_gmt":"2019-07-17T12:55:24","guid":{"rendered":"http:\/\/bonettiassociados.com.br\/?p=3475"},"modified":"2019-07-17T09:55:24","modified_gmt":"2019-07-17T12:55:24","slug":"sped-publicacao-da-versao-5-1-4-do-programa-da-escrituracao-contabil-fiscal-ecf","status":"publish","type":"post","link":"https:\/\/bonettiassociados.com.br\/index.php\/2019\/07\/17\/sped-publicacao-da-versao-5-1-4-do-programa-da-escrituracao-contabil-fiscal-ecf\/","title":{"rendered":"SPED &#8211; PUBLICA\u00c7\u00c3O DA VERS\u00c3O 5.1.4 DO PROGRAMA DA ESCRITURA\u00c7\u00c3O CONT\u00c1BIL FISCAL (ECF)"},"content":{"rendered":"<p style=\"text-align: justify;\"><span style=\"font-family: arial, helvetica, sans-serif;\">Publicada a vers\u00e3o 5.1.4 do programa da ECFFoi publicada a vers\u00e3o 5.1.4 do programa da ECF com a seguinte altera\u00e7\u00e3o:<\/span><!--more--><\/p>\n<p style=\"text-align: justify;\"><span style=\"font-family: arial, helvetica, sans-serif;\">&#8211; Corre\u00e7\u00e3o da recupera\u00e7\u00e3o de dados das contas referenciais quando o mapeamento ocorre de uma conta conta cont\u00e1bil para mais de uma conta referencial.<\/span><\/p>\n<p style=\"text-align: justify;\"><span style=\"font-family: arial, helvetica, sans-serif;\">A vers\u00e3o 5.1.3 do programa da ECF n\u00e3o poder\u00e1 mais ser utilizada para transmiss\u00e3o.O programa est\u00e1 dispon\u00edvel no link abaixo, a partir da \u00e1rea de downloads do site do Sped:<\/span><\/p>\n<p style=\"text-align: justify;\"><span style=\"font-family: arial, helvetica, sans-serif;\"><a href=\"http:\/\/receita.economia.gov.br\/orientacao\/tributaria\/declaracoes-e-demonstrativos\/sped-sistema-publico-de-escrituracao-digital\/escrituracao-contabil-fiscal-ecf\/sped-programa-sped-contabil-fiscal\">http:\/\/receita.economia.gov.br\/orientacao\/tributaria\/declaracoes-e-demonstrativos\/sped-sistema-publico-de-escrituracao-digital\/escrituracao-contabil-fiscal-ecf\/sped-programa-sped-contabil-fiscal<\/a><\/span><\/p>\n<p style=\"text-align: justify;\"><span style=\"font-family: arial, helvetica, sans-serif;\"><strong>FONTE: RFB<\/strong><\/span><\/p>\n","protected":false},"excerpt":{"rendered":"<p>Publicada a vers\u00e3o 5.1.4 do programa da ECFFoi publicada a [&hellip;]<\/p>\n","protected":false},"author":6,"featured_media":0,"comment_status":"closed","ping_status":"open","sticky":false,"template":"","format":"standard","meta":{"jetpack_post_was_ever_published":false,"_jetpack_newsletter_access":"","_jetpack_dont_email_post_to_subs":false,"_jetpack_newsletter_tier_id":0,"_jetpack_memberships_contains_paywalled_content":false,"footnotes":"","_jetpack_memberships_contains_paid_content":false,"jetpack_publicize_message":"","jetpack_publicize_feature_enabled":true,"jetpack_social_post_already_shared":true,"jetpack_social_options":{"image_generator_settings":{"template":"highway","enabled":false}}},"categories":[2],"tags":[],"jetpack_publicize_connections":[],"jetpack_featured_media_url":"","jetpack_sharing_enabled":true,"jetpack_shortlink":"https:\/\/wp.me\/paFpWR-U3","_links":{"self":[{"href":"https:\/\/bonettiassociados.com.br\/index.php\/wp-json\/wp\/v2\/posts\/3475"}],"collection":[{"href":"https:\/\/bonettiassociados.com.br\/index.php\/wp-json\/wp\/v2\/posts"}],"about":[{"href":"https:\/\/bonettiassociados.com.br\/index.php\/wp-json\/wp\/v2\/types\/post"}],"author":[{"embeddable":true,"href":"https:\/\/bonettiassociados.com.br\/index.php\/wp-json\/wp\/v2\/users\/6"}],"replies":[{"embeddable":true,"href":"https:\/\/bonettiassociados.com.br\/index.php\/wp-json\/wp\/v2\/comments?post=3475"}],"version-history":[{"count":1,"href":"https:\/\/bonettiassociados.com.br\/index.php\/wp-json\/wp\/v2\/posts\/3475\/revisions"}],"predecessor-version":[{"id":3476,"href":"https:\/\/bonettiassociados.com.br\/index.php\/wp-json\/wp\/v2\/posts\/3475\/revisions\/3476"}],"wp:attachment":[{"href":"https:\/\/bonettiassociados.com.br\/index.php\/wp-json\/wp\/v2\/media?parent=3475"}],"wp:term":[{"taxonomy":"category","embeddable":true,"href":"https:\/\/bonettiassociados.com.br\/index.php\/wp-json\/wp\/v2\/categories?post=3475"},{"taxonomy":"post_tag","embeddable":true,"href":"https:\/\/bonettiassociados.com.br\/index.php\/wp-json\/wp\/v2\/tags?post=3475"}],"curies":[{"name":"wp","href":"https:\/\/api.w.org\/{rel}","templated":true}]}}