{"id":3473,"date":"2019-07-17T09:53:43","date_gmt":"2019-07-17T12:53:43","guid":{"rendered":"http:\/\/bonettiassociados.com.br\/?p=3473"},"modified":"2019-07-17T09:53:43","modified_gmt":"2019-07-17T12:53:43","slug":"dialogo-das-fontes-tj-sp-usa-teoria-do-desvio-produtivo-para-anular-cobranca-indevida-de-ipva","status":"publish","type":"post","link":"https:\/\/bonettiassociados.com.br\/index.php\/2019\/07\/17\/dialogo-das-fontes-tj-sp-usa-teoria-do-desvio-produtivo-para-anular-cobranca-indevida-de-ipva\/","title":{"rendered":"DI\u00c1LOGO DAS FONTES &#8211; TJ-SP USA TEORIA DO DESVIO PRODUTIVO PARA ANULAR COBRAN\u00c7A INDEVIDA DE IPVA"},"content":{"rendered":"<p style=\"text-align: justify;\"><span style=\"font-family: arial, helvetica, sans-serif;\">Especialmente porque, no caso, os problemas foram causados por erro e incompet\u00eancia da administra\u00e7\u00e3o p\u00fablica.<\/span><!--more--><\/p>\n<p style=\"text-align: justify;\"><span style=\"font-family: arial, helvetica, sans-serif;\">A 12\u00aa C\u00e2mara de Direito P\u00fablico do Tribunal de Justi\u00e7a de S\u00e3o Paulo aplicou, por analogia, a teoria do desvio produtivo para aumentar indeniza\u00e7\u00e3o por cobran\u00e7a indevida de imposto. De acordo com a decis\u00e3o, normas jur\u00eddicas n\u00e3o pertencem a \u00e1reas espec\u00edficas e podem ser aplicadas &#8220;dentro de uma ideia de complementariedade&#8221;. Especialmente porque, no caso, os problemas foram causados por erro e incompet\u00eancia da administra\u00e7\u00e3o p\u00fablica.<\/span><\/p>\n<p style=\"text-align: justify;\"><span style=\"font-family: arial, helvetica, sans-serif;\">Teorias n\u00e3o pertencem a \u00e1reas espec\u00edficas do Direito e podem ser usadas de maneira interdisciplinar, afirma desembargador ao aplicar teoria do desvio produtivo a caso de cobran\u00e7a indevida de IPVA<\/span><\/p>\n<p style=\"text-align: justify;\"><span style=\"font-family: arial, helvetica, sans-serif;\">Os desembargadores condenaram o governo de S\u00e3o Paulo a indenizar um homem em R$ 5 mil por ter cobrado o IPVA de 2017 de carro vendido em 2015. O relator do caso, desembargador Souza Meirelles, afirmou que \u201cs\u00e3o not\u00f3rios os transtornos pelos quais passou o demandante ao se deparar com a inscri\u00e7\u00e3o indevida do lan\u00e7amento tribut\u00e1rio em cart\u00f3rio. Nesse contexto, perfeitamente aplic\u00e1vel ao caso, em interpreta\u00e7\u00e3o anal\u00f3gica, a tese do desvio produtivo do consumidor\u201d.<\/span><\/p>\n<p style=\"text-align: justify;\"><span style=\"font-family: arial, helvetica, sans-serif;\">A teoria do desvio produtivo foi desenvolvida no Brasil pelo advogado Marcos Dessaune, mas para casos de Direito do Consumidor. Foi uma forma encontrada por ele para indenizar os consumidores pelo tempo perdido para resolver problemas causados por fornecedores.<\/span><\/p>\n<p style=\"text-align: justify;\"><span style=\"font-family: arial, helvetica, sans-serif;\">&#8220;O desvio produtivo do consumidor tem origem quando o fornecedor cria um problema de consumo potencial ou efetivamente lesivo e n\u00e3o o resolve espont\u00e2nea, r\u00e1pida e efetivamente, deixando para o consumidor o custo temporal, operacional e material de faz\u00ea-lo&#8221;, explica o advogado.<\/span><\/p>\n<p style=\"text-align: justify;\"><span style=\"font-family: arial, helvetica, sans-serif;\">Foi justamente o que aconteceu no caso do IPVA, segundo o desembargador Souza Meirelles, relator. &#8220;Para evitar maiores preju\u00edzos, ante o erro perpetrado pela administra\u00e7\u00e3o p\u00fablica, o requerente se viu obrigado a desperdi\u00e7ar o seu valioso tempo e a desviar as suas compet\u00eancias de atividades como o trabalho, estudo, descanso, ou lazer para tentar resolver o problema advindo da conduta da parte requerida&#8221;, escreveu, no voto.<\/span><\/p>\n<p style=\"text-align: justify;\"><span style=\"font-family: arial, helvetica, sans-serif;\">Caso semelhante<\/span><\/p>\n<p style=\"text-align: justify;\"><span style=\"font-family: arial, helvetica, sans-serif;\">A 4\u00aa C\u00e2mara de Direito P\u00fablico do TJ-SP tamb\u00e9m j\u00e1 adotou a teoria em julgamento de 2014 sobre cobran\u00e7a indevida de ICMS a uma empresa.<\/span><\/p>\n<p style=\"text-align: justify;\"><span style=\"font-family: arial, helvetica, sans-serif;\">Na ocasi\u00e3o, o governo ajuizou execu\u00e7\u00e3o fiscal contra a empresa e o juiz chegou a decretar o bloqueio de bens para garantia do processo. Ao justificar o uso da teoria, os desembargadores citaram o &#8220;tempo perdido da empresa para tentativa de solu\u00e7\u00e3o do infort\u00fanio&#8221;.<\/span><\/p>\n<p style=\"text-align: justify;\"><span style=\"font-family: arial, helvetica, sans-serif;\">Processo 1000624-72.2018.8.26.0205.<\/span><\/p>\n<p style=\"text-align: justify;\"><span style=\"font-family: arial, helvetica, sans-serif;\"><strong>FONTE: Conjur &#8211; Por T\u00e1bata Viapiana<\/strong><\/span><\/p>\n","protected":false},"excerpt":{"rendered":"<p>Especialmente porque, no caso, os problemas foram causados por erro [&hellip;]<\/p>\n","protected":false},"author":6,"featured_media":0,"comment_status":"closed","ping_status":"open","sticky":false,"template":"","format":"standard","meta":{"jetpack_post_was_ever_published":false,"_jetpack_newsletter_access":"","_jetpack_dont_email_post_to_subs":false,"_jetpack_newsletter_tier_id":0,"_jetpack_memberships_contains_paywalled_content":false,"footnotes":"","_jetpack_memberships_contains_paid_content":false,"jetpack_publicize_message":"","jetpack_publicize_feature_enabled":true,"jetpack_social_post_already_shared":true,"jetpack_social_options":{"image_generator_settings":{"template":"highway","enabled":false}}},"categories":[2],"tags":[],"jetpack_publicize_connections":[],"jetpack_featured_media_url":"","jetpack_sharing_enabled":true,"jetpack_shortlink":"https:\/\/wp.me\/paFpWR-U1","_links":{"self":[{"href":"https:\/\/bonettiassociados.com.br\/index.php\/wp-json\/wp\/v2\/posts\/3473"}],"collection":[{"href":"https:\/\/bonettiassociados.com.br\/index.php\/wp-json\/wp\/v2\/posts"}],"about":[{"href":"https:\/\/bonettiassociados.com.br\/index.php\/wp-json\/wp\/v2\/types\/post"}],"author":[{"embeddable":true,"href":"https:\/\/bonettiassociados.com.br\/index.php\/wp-json\/wp\/v2\/users\/6"}],"replies":[{"embeddable":true,"href":"https:\/\/bonettiassociados.com.br\/index.php\/wp-json\/wp\/v2\/comments?post=3473"}],"version-history":[{"count":1,"href":"https:\/\/bonettiassociados.com.br\/index.php\/wp-json\/wp\/v2\/posts\/3473\/revisions"}],"predecessor-version":[{"id":3474,"href":"https:\/\/bonettiassociados.com.br\/index.php\/wp-json\/wp\/v2\/posts\/3473\/revisions\/3474"}],"wp:attachment":[{"href":"https:\/\/bonettiassociados.com.br\/index.php\/wp-json\/wp\/v2\/media?parent=3473"}],"wp:term":[{"taxonomy":"category","embeddable":true,"href":"https:\/\/bonettiassociados.com.br\/index.php\/wp-json\/wp\/v2\/categories?post=3473"},{"taxonomy":"post_tag","embeddable":true,"href":"https:\/\/bonettiassociados.com.br\/index.php\/wp-json\/wp\/v2\/tags?post=3473"}],"curies":[{"name":"wp","href":"https:\/\/api.w.org\/{rel}","templated":true}]}}