{"id":3462,"date":"2019-07-16T10:53:27","date_gmt":"2019-07-16T13:53:27","guid":{"rendered":"http:\/\/bonettiassociados.com.br\/?p=3462"},"modified":"2019-07-16T10:53:27","modified_gmt":"2019-07-16T13:53:27","slug":"fenacon-defende-que-tribunais-usem-a-tr-como-indice-de-correcao-de-debitos-trabalhistas","status":"publish","type":"post","link":"https:\/\/bonettiassociados.com.br\/index.php\/2019\/07\/16\/fenacon-defende-que-tribunais-usem-a-tr-como-indice-de-correcao-de-debitos-trabalhistas\/","title":{"rendered":"FENACON DEFENDE QUE TRIBUNAIS USEM A TR COMO \u00cdNDICE DE CORRE\u00c7\u00c3O DE D\u00c9BITOS TRABALHISTAS"},"content":{"rendered":"<p style=\"text-align: justify;\"><span style=\"font-family: arial, helvetica, sans-serif;\">Federa\u00e7\u00e3o atuar\u00e1 como \u201camicus curiae\u201d em a\u00e7\u00f5es sobre o tema no STF.<\/span><!--more--><\/p>\n<p style=\"text-align: justify;\"><span style=\"font-family: arial, helvetica, sans-serif;\">A Fenacon (Federa\u00e7\u00e3o Nacional das Empresas de Servi\u00e7os Cont\u00e1beis e das Empresas de Assessoramento, Per\u00edcias, Informa\u00e7\u00f5es e Pesquisas) ir\u00e1 atuar como amicus curiae (\u201camigo da corte\u201d) nas A\u00e7\u00f5es Declarat\u00f3rias de Constitucionalidade (ADC) 58 e 59, que tratam dos \u00edndices de atualiza\u00e7\u00e3o monet\u00e1ria dos d\u00e9bitos e dep\u00f3sitos trabalhistas.<\/span><\/p>\n<p style=\"text-align: justify;\"><span style=\"font-family: arial, helvetica, sans-serif;\">As respectivas a\u00e7\u00f5es, que devem ser julgadas nos pr\u00f3ximos meses pelo Supremo Tribunal Federal (STF), visam garantir que os tribunais do trabalho utilizem a TR (Taxa Referencial) como \u00edndice de corre\u00e7\u00e3o monet\u00e1ria dos valores dos respectivos d\u00e9bitos e dep\u00f3sitos \u2013 conforme estipulado pela Reforma Trabalhista (Lei 13.467\/2017).<\/span><\/p>\n<p style=\"text-align: justify;\"><span style=\"font-family: arial, helvetica, sans-serif;\">Na a\u00e7\u00e3o, alega-se que a Justi\u00e7a do Trabalho tem declarado a inconstitucionalidade da nova regra e definido o IPCA-E (\u00cdndice de Pre\u00e7os ao Consumidor Amplo Especial) como \u00edndice de corre\u00e7\u00e3o v\u00e1lido. Para a Fenacon, a pr\u00e1tica gera inseguran\u00e7a jur\u00eddica aos empres\u00e1rios \u2013 e apenas o pronunciamento definitivo do STF poder\u00e1 afastar a pol\u00eamica.<\/span><\/p>\n<p style=\"text-align: justify;\"><span style=\"font-family: arial, helvetica, sans-serif;\">\u201cA Reforma determinou que a atualiza\u00e7\u00e3o dos cr\u00e9ditos decorrentes de condena\u00e7\u00e3o judicial deve ser feita pela TR, mas alguns tribunais continuam utilizando o IPCA-E como \u00edndice de corre\u00e7\u00e3o\u201d, explica Ricardo Monello, diretor de Assuntos Legislativos da Fenacon. \u201cPor esta raz\u00e3o foram distribu\u00eddas ao STF as ADCs de n\u00fameros 58 e 59: para que a TR seja declarada constitucional, garantindo assim seguran\u00e7a jur\u00eddica \u00e0s futuras atualiza\u00e7\u00f5es sobre cr\u00e9ditos trabalhistas\u201d.<\/span><\/p>\n<p style=\"text-align: justify;\"><span style=\"font-family: arial, helvetica, sans-serif;\">O tema t\u00eam gerado pol\u00eamicas desde 2015, quando o Plen\u00e1rio do Tribunal Superior do Trabalho (TST) julgou inconstitucional o uso da TR como \u00edndice de corre\u00e7\u00e3o monet\u00e1ria dos valores dos d\u00e9bitos e dep\u00f3sitos trabalhistas. A taxa \u2013 divulgada mensalmente pelo Banco Central do Brasil (Bacen) \u2013 era utilizada pelos tribunais trabalhistas para a corre\u00e7\u00e3o dos valores desde 1990.<\/span><\/p>\n<p style=\"text-align: justify;\"><span style=\"font-family: arial, helvetica, sans-serif;\">Segundo o TST, o IPCA-E seria a ferramenta mais justa para a realiza\u00e7\u00e3o dos c\u00e1lculos \u2013 de modo que instituiu o mesmo como \u00edndice para a atualiza\u00e7\u00e3o monet\u00e1ria. Poucos meses depois, por\u00e9m, o STF suspendeu a decis\u00e3o do TST, e a Taxa Referencial voltou a ser utilizada. A falta de um pronunciamento definitivo, por\u00e9m, abre brechas para que os tribunais trabalhistas sigam o entendimento do TST e determinem que as corre\u00e7\u00f5es sejam realizadas de acordo com o IPCA-E.<\/span><\/p>\n<p style=\"text-align: justify;\"><span style=\"font-family: arial, helvetica, sans-serif;\">Para a Fenacon, a TR \u00e9 a melhor alternativa, uma vez que pode vir a oferecer benef\u00edcios \u00e0s duas partes envolvidas: empresas e trabalhadores.<\/span><\/p>\n<p style=\"text-align: justify;\"><span style=\"font-family: arial, helvetica, sans-serif;\">\u201cA TR \u00e9 menos onerosa para as empresas e at\u00e9 mesmo para o trabalhador, caso ele perca a a\u00e7\u00e3o judicial e precise arcar com os custos de uma condena\u00e7\u00e3o trabalhista\u201d, argumenta Monello. \u201cSegundo levantamento interno, a fixa\u00e7\u00e3o da TR como fator de corre\u00e7\u00e3o monet\u00e1ria pode gerar um impacto substancial nos passivos trabalhistas.\u201d<\/span><\/p>\n<p style=\"text-align: justify;\"><span style=\"font-family: arial, helvetica, sans-serif;\">Segundo ele, \u00e9 trivial que o STF julgue constitucional o uso da taxa para as corre\u00e7\u00f5es.<\/span><\/p>\n<p style=\"text-align: justify;\"><span style=\"font-family: arial, helvetica, sans-serif;\">\u201cAtualmente o IPCA-E \u00e9 o \u00edndice mais utilizado pelos Tribunais Regionais do Trabalho\u201d, destaca. \u201cCaso o STF estabele\u00e7a o uso da TR para as a\u00e7\u00f5es trabalhistas, o impacto deve ser positivo para as empresas que enfrentam processos, pois \u00e9 um \u00edndice menos oneroso para atualiza\u00e7\u00f5es dos c\u00e1lculos\u201d.<\/span><\/p>\n<p style=\"text-align: justify;\"><span style=\"font-family: arial, helvetica, sans-serif;\">As ADCs foram distribu\u00eddas ao ministro Gilmar Mendes, que analisar\u00e1 os pedidos. Por ora, por\u00e9m, n\u00e3o h\u00e1 previs\u00e3o sobre quando estas ser\u00e3o julgadas.<\/span><\/p>\n<p style=\"text-align: justify;\"><span style=\"font-family: arial, helvetica, sans-serif;\"><strong>FONTE: Contabilidade na TV<\/strong><\/span><\/p>\n","protected":false},"excerpt":{"rendered":"<p>Federa\u00e7\u00e3o atuar\u00e1 como \u201camicus curiae\u201d em a\u00e7\u00f5es sobre o tema [&hellip;]<\/p>\n","protected":false},"author":6,"featured_media":0,"comment_status":"closed","ping_status":"open","sticky":false,"template":"","format":"standard","meta":{"jetpack_post_was_ever_published":false,"_jetpack_newsletter_access":"","_jetpack_dont_email_post_to_subs":false,"_jetpack_newsletter_tier_id":0,"_jetpack_memberships_contains_paywalled_content":false,"footnotes":"","_jetpack_memberships_contains_paid_content":false,"jetpack_publicize_message":"","jetpack_publicize_feature_enabled":true,"jetpack_social_post_already_shared":true,"jetpack_social_options":{"image_generator_settings":{"template":"highway","enabled":false}}},"categories":[2],"tags":[],"jetpack_publicize_connections":[],"jetpack_featured_media_url":"","jetpack_sharing_enabled":true,"jetpack_shortlink":"https:\/\/wp.me\/paFpWR-TQ","_links":{"self":[{"href":"https:\/\/bonettiassociados.com.br\/index.php\/wp-json\/wp\/v2\/posts\/3462"}],"collection":[{"href":"https:\/\/bonettiassociados.com.br\/index.php\/wp-json\/wp\/v2\/posts"}],"about":[{"href":"https:\/\/bonettiassociados.com.br\/index.php\/wp-json\/wp\/v2\/types\/post"}],"author":[{"embeddable":true,"href":"https:\/\/bonettiassociados.com.br\/index.php\/wp-json\/wp\/v2\/users\/6"}],"replies":[{"embeddable":true,"href":"https:\/\/bonettiassociados.com.br\/index.php\/wp-json\/wp\/v2\/comments?post=3462"}],"version-history":[{"count":1,"href":"https:\/\/bonettiassociados.com.br\/index.php\/wp-json\/wp\/v2\/posts\/3462\/revisions"}],"predecessor-version":[{"id":3463,"href":"https:\/\/bonettiassociados.com.br\/index.php\/wp-json\/wp\/v2\/posts\/3462\/revisions\/3463"}],"wp:attachment":[{"href":"https:\/\/bonettiassociados.com.br\/index.php\/wp-json\/wp\/v2\/media?parent=3462"}],"wp:term":[{"taxonomy":"category","embeddable":true,"href":"https:\/\/bonettiassociados.com.br\/index.php\/wp-json\/wp\/v2\/categories?post=3462"},{"taxonomy":"post_tag","embeddable":true,"href":"https:\/\/bonettiassociados.com.br\/index.php\/wp-json\/wp\/v2\/tags?post=3462"}],"curies":[{"name":"wp","href":"https:\/\/api.w.org\/{rel}","templated":true}]}}