{"id":3456,"date":"2019-07-16T10:48:14","date_gmt":"2019-07-16T13:48:14","guid":{"rendered":"http:\/\/bonettiassociados.com.br\/?p=3456"},"modified":"2019-07-16T10:48:14","modified_gmt":"2019-07-16T13:48:14","slug":"esocial-receita-federal-adia-simples-e-prepara-novo-cronograma","status":"publish","type":"post","link":"https:\/\/bonettiassociados.com.br\/index.php\/2019\/07\/16\/esocial-receita-federal-adia-simples-e-prepara-novo-cronograma\/","title":{"rendered":"ESOCIAL: RECEITA FEDERAL ADIA SIMPLES E PREPARA NOVO CRONOGRAMA"},"content":{"rendered":"<p style=\"text-align: justify;\"><span style=\"font-family: arial, helvetica, sans-serif;\">Fisco promete para &#8220;breve&#8221; norma com novo cronograma para as micro e pequenas.<\/span><!--more--><\/p>\n<p style=\"text-align: justify;\"><span style=\"font-family: arial, helvetica, sans-serif;\">A Receita Federal lembrou nesta segunda, 15\/7, de avisar \u00e0s Micro e Pequenas Empesas que tinham obriga\u00e7\u00f5es vencidas desde 10\/7 que diante do an\u00fancio do governo de que vai substituir o eSocial, essas obriga\u00e7\u00f5es relativas \u00e0 Escritura\u00e7\u00e3o Fiscal Digital de Reten\u00e7\u00f5es e Outras Informa\u00e7\u00f5es Fiscais, ou EFD-Reinf, est\u00e3o adiadas. Segundo a Receita, um novo leiaute, assim como uma norma com novo cronograma ser\u00e3o divulgados \u201cem breve\u201d.<\/span><\/p>\n<p style=\"text-align: justify;\"><span style=\"font-family: arial, helvetica, sans-serif;\">\u201cA Receita Federal especificar\u00e1 e implantar\u00e1 a inclus\u00e3o dessas informa\u00e7\u00f5es na EFD-Reinf, bem como sua integra\u00e7\u00e3o com a DCTFWeb para constitui\u00e7\u00e3o do cr\u00e9dito tribut\u00e1rio. Enquanto as informa\u00e7\u00f5es necess\u00e1rias para administra\u00e7\u00e3o tribut\u00e1ria conferir efetividade ao controle tribut\u00e1rio n\u00e3o migrarem para a EFD-Reinf, a DCTFWeb ser\u00e1 alimentada, de forma transit\u00f3ria, pelas informa\u00e7\u00f5es coletadas pelo eSocial\u201d, informou o Fisco, em nota.<\/span><\/p>\n<p style=\"text-align: justify;\"><span style=\"font-family: arial, helvetica, sans-serif;\">Segundo a Receita, \u201cas informa\u00e7\u00f5es de interesse da Receita Federal que tratam de mat\u00e9ria tribut\u00e1ria, que hoje est\u00e3o no eSocial, migrar\u00e3o para a EFD-Reinf, notadamente os eventos de elabora\u00e7\u00e3o da folha de pagamento, nos termos do art. 32, I da Lei n\u00ba 8.212, de 1991 c\/c o art. 47, \u00a71\u00ba-A, inciso II da IN RFB n\u00ba 971, de 2009 e art. 2\u00ba, \u00a73\u00ba da Lei n\u00ba 11.457 de 2007\u201d.<\/span><\/p>\n<p style=\"text-align: justify;\"><span style=\"font-family: arial, helvetica, sans-serif;\">Alem disso, \u201cser\u00e1 adiada a data de entrada em produ\u00e7\u00e3o da Escritura\u00e7\u00e3o Fiscal Digital de Reten\u00e7\u00f5es e Outras Informa\u00e7\u00f5es Fiscais (EFD-Reinf) do 3\u00ba Grupo, que engloba, em sua maioria, as empresas do Simples Nacional. A publica\u00e7\u00e3o de ato normativo referente ao novo cronograma da EFD-Reinf ser\u00e1 feita em breve.\u201d<\/span><\/p>\n<p style=\"text-align: justify;\"><span style=\"font-family: arial, helvetica, sans-serif;\"><strong>FONTE: Converg\u00eancia Digital &#8211; Por Lu\u00eds Osvaldo Grossmann<\/strong><\/span><\/p>\n","protected":false},"excerpt":{"rendered":"<p>Fisco promete para &#8220;breve&#8221; norma com novo cronograma para as [&hellip;]<\/p>\n","protected":false},"author":6,"featured_media":0,"comment_status":"closed","ping_status":"open","sticky":false,"template":"","format":"standard","meta":{"jetpack_post_was_ever_published":false,"_jetpack_newsletter_access":"","_jetpack_dont_email_post_to_subs":false,"_jetpack_newsletter_tier_id":0,"_jetpack_memberships_contains_paywalled_content":false,"footnotes":"","_jetpack_memberships_contains_paid_content":false,"jetpack_publicize_message":"","jetpack_publicize_feature_enabled":true,"jetpack_social_post_already_shared":true,"jetpack_social_options":{"image_generator_settings":{"template":"highway","enabled":false}}},"categories":[2],"tags":[],"jetpack_publicize_connections":[],"jetpack_featured_media_url":"","jetpack_sharing_enabled":true,"jetpack_shortlink":"https:\/\/wp.me\/paFpWR-TK","_links":{"self":[{"href":"https:\/\/bonettiassociados.com.br\/index.php\/wp-json\/wp\/v2\/posts\/3456"}],"collection":[{"href":"https:\/\/bonettiassociados.com.br\/index.php\/wp-json\/wp\/v2\/posts"}],"about":[{"href":"https:\/\/bonettiassociados.com.br\/index.php\/wp-json\/wp\/v2\/types\/post"}],"author":[{"embeddable":true,"href":"https:\/\/bonettiassociados.com.br\/index.php\/wp-json\/wp\/v2\/users\/6"}],"replies":[{"embeddable":true,"href":"https:\/\/bonettiassociados.com.br\/index.php\/wp-json\/wp\/v2\/comments?post=3456"}],"version-history":[{"count":1,"href":"https:\/\/bonettiassociados.com.br\/index.php\/wp-json\/wp\/v2\/posts\/3456\/revisions"}],"predecessor-version":[{"id":3457,"href":"https:\/\/bonettiassociados.com.br\/index.php\/wp-json\/wp\/v2\/posts\/3456\/revisions\/3457"}],"wp:attachment":[{"href":"https:\/\/bonettiassociados.com.br\/index.php\/wp-json\/wp\/v2\/media?parent=3456"}],"wp:term":[{"taxonomy":"category","embeddable":true,"href":"https:\/\/bonettiassociados.com.br\/index.php\/wp-json\/wp\/v2\/categories?post=3456"},{"taxonomy":"post_tag","embeddable":true,"href":"https:\/\/bonettiassociados.com.br\/index.php\/wp-json\/wp\/v2\/tags?post=3456"}],"curies":[{"name":"wp","href":"https:\/\/api.w.org\/{rel}","templated":true}]}}