{"id":3450,"date":"2019-07-16T10:42:03","date_gmt":"2019-07-16T13:42:03","guid":{"rendered":"http:\/\/bonettiassociados.com.br\/?p=3450"},"modified":"2019-07-16T10:42:03","modified_gmt":"2019-07-16T13:42:03","slug":"receita-orienta-empresas-sobre-periodo-de-amortizacao-de-agio","status":"publish","type":"post","link":"https:\/\/bonettiassociados.com.br\/index.php\/2019\/07\/16\/receita-orienta-empresas-sobre-periodo-de-amortizacao-de-agio\/","title":{"rendered":"RECEITA ORIENTA EMPRESAS SOBRE PER\u00cdODO DE AMORTIZA\u00c7\u00c3O DE \u00c1GIO"},"content":{"rendered":"<p style=\"text-align: justify;\"><span style=\"font-family: arial, helvetica, sans-serif;\">Advogado Renato Coelho: h\u00e1 fundamentos em sentido contr\u00e1rio.<\/span><!--more--><\/p>\n<p style=\"text-align: justify;\"><span style=\"font-family: arial, helvetica, sans-serif;\">A Receita Federal entende que n\u00e3o \u00e9 poss\u00edvel postergar a amortiza\u00e7\u00e3o de \u00e1gio. Deve ser feita logo ap\u00f3s incorpora\u00e7\u00e3o, fus\u00e3o ou cis\u00e3o e finalizada em, no m\u00e1ximo, cinco anos. A orienta\u00e7\u00e3o est\u00e1 Solu\u00e7\u00e3o de Consulta n\u00ba 223, publicada pela Coordena\u00e7\u00e3o-Geral de Tributa\u00e7\u00e3o (Cosit). \u00c9 a primeira manifesta\u00e7\u00e3o com base na Lei n\u00ba 12.973, de 2014, segundo advogados.<\/span><\/p>\n<p style=\"text-align: justify;\"><span style=\"font-family: arial, helvetica, sans-serif;\">O \u00e1gio \u00e9 o valor pago a mais em uma aquisi\u00e7\u00e3o, tendo em vista expectativa de rentabilidade futura. Registrado como despesa, reduz a base de c\u00e1lculo do Imposto de Renda (IRPJ) e da CSLL. Em caso de preju\u00edzo, por\u00e9m, perde o efeito. Por isso, de acordo com advogados, o momento da amortiza\u00e7\u00e3o \u00e9 importante.<\/span><\/p>\n<p style=\"text-align: justify;\"><span style=\"font-family: arial, helvetica, sans-serif;\">A solu\u00e7\u00e3o de consulta foi publicada no come\u00e7o do m\u00eas. De acordo com a Receita, a amortiza\u00e7\u00e3o &#8220;deve ser realizada de maneira ininterrupta, iniciando no primeiro per\u00edodo de apura\u00e7\u00e3o ap\u00f3s a incorpora\u00e7\u00e3o, fus\u00e3o ou cis\u00e3o, em raz\u00e3o fixa ali determinada, n\u00e3o superior a 1\/60 para cada m\u00eas do per\u00edodo de apura\u00e7\u00e3o&#8221;.<\/span><\/p>\n<p style=\"text-align: justify;\"><span style=\"font-family: arial, helvetica, sans-serif;\">A solu\u00e7\u00e3o de consulta foi proposta por empresa que vai incorporar uma sociedade. Ela adquiriu participa\u00e7\u00e3o societ\u00e1ria em dois momentos: novembro de 2012 e novembro de 2015. Na \u00e9poca da aquisi\u00e7\u00e3o, foi gerado \u00e1gio por rentabilidade futura.<\/span><\/p>\n<p style=\"text-align: justify;\"><span style=\"font-family: arial, helvetica, sans-serif;\">A primeira aquisi\u00e7\u00e3o de a\u00e7\u00f5es foi feita sob regime anterior, seguindo as leis n\u00b0 1.598, de 1977, e n\u00ba 9.532, de 1997. Posteriormente, aplicando a Lei n\u00ba 12.973, de 2014, a empresa segregou o custo e registrou o \u00e1gio. Agora, na consulta, informa que vai incorporar a outra companhia nos pr\u00f3ximos meses.<\/span><\/p>\n<p style=\"text-align: justify;\"><span style=\"font-family: arial, helvetica, sans-serif;\">Levando em considera\u00e7\u00e3o as expectativas de gera\u00e7\u00e3o de caixa e lucratividade, al\u00e9m da crise econ\u00f4mica, a empresa considera que a amortiza\u00e7\u00e3o do \u00e1gio s\u00f3 ter\u00e1 efeito econ\u00f4mico efetivo de rentabilidade futura a partir de 2027, ou seja, cerca de 10 anos ap\u00f3s a incorpora\u00e7\u00e3o. At\u00e9 l\u00e1, pretende registrar o \u00e1gio e mant\u00ea-lo no seu Livro Eletr\u00f4nico de Escritura\u00e7\u00e3o e Apura\u00e7\u00e3o do IR e da CSLL (ELalur).<\/span><\/p>\n<p style=\"text-align: justify;\"><span style=\"font-family: arial, helvetica, sans-serif;\">Para o contribuinte, a legisla\u00e7\u00e3o \u00e9 omissa quanto ao termo de in\u00edcio da amortiza\u00e7\u00e3o do \u00e1gio. Por isso, considera legal inici\u00e1la em janeiro de 2027, desde que seja feita de forma linear e constante ap\u00f3s seu in\u00edcio e que respeite o limite m\u00e1ximo de amortiza\u00e7\u00e3o mensal de 1\/60.<\/span><\/p>\n<p style=\"text-align: justify;\"><span style=\"font-family: arial, helvetica, sans-serif;\">Por\u00e9m, no entendimento da Receita, de acordo com a Lei n\u00ba 12.973, de 2014, o termo inicial para amortiza\u00e7\u00e3o de \u00e1gio \u00e9 o primeiro balan\u00e7o feito imediatamente ap\u00f3s a ocorr\u00eancia da opera\u00e7\u00e3o que culminou na absor\u00e7\u00e3o de patrim\u00f4nio. E n\u00e3o deve haver interrup\u00e7\u00e3o na amortiza\u00e7\u00e3o.<\/span><\/p>\n<p style=\"text-align: justify;\"><span style=\"font-family: arial, helvetica, sans-serif;\">&#8220;\u00c9 uma posi\u00e7\u00e3o muito restritiva. Por qualquer outro motivo, n\u00e3o necessariamente tribut\u00e1rio, o contribuinte pode decidir amortizar o \u00e1gio depois da incorpora\u00e7\u00e3o&#8221;, diz Renato Coelho, s\u00f3cio tributarista do Stocche Forbes Advogados. &#8220;Isso \u00e9 bem presente no dia a dia das companhias.&#8221; Segundo o advogado, a posi\u00e7\u00e3o \u00e9 controversa porque h\u00e1 fundamentos em sentido contr\u00e1rio.<\/span><\/p>\n<p style=\"text-align: justify;\"><span style=\"font-family: arial, helvetica, sans-serif;\">O advogado Fabio Calcini, s\u00f3cio do escrit\u00f3rio Brasil Salom\u00e3o e Matthes, destaca que a orienta\u00e7\u00e3o sobre a amortiza\u00e7\u00e3o em 60 meses corridos tamb\u00e9m \u00e9 importante. &#8220;Tem que aproveitar de modo uniforme. Ou seja, mesmo que a empresa entre em preju\u00edzo, ter\u00e1 que manter a amortiza\u00e7\u00e3o&#8221;, afirma. &#8220;A interpreta\u00e7\u00e3o da Receita \u00e9 mais literal e restrita&#8221;, acrescenta.<\/span><\/p>\n<p style=\"text-align: justify;\"><span style=\"font-family: arial, helvetica, sans-serif;\"><strong>FONTE: Valor Econ\u00f4mico \u2013 Por Beatriz Olivon<\/strong><\/span><\/p>\n","protected":false},"excerpt":{"rendered":"<p>Advogado Renato Coelho: h\u00e1 fundamentos em sentido contr\u00e1rio.<\/p>\n","protected":false},"author":6,"featured_media":0,"comment_status":"closed","ping_status":"open","sticky":false,"template":"","format":"standard","meta":{"jetpack_post_was_ever_published":false,"_jetpack_newsletter_access":"","_jetpack_dont_email_post_to_subs":false,"_jetpack_newsletter_tier_id":0,"_jetpack_memberships_contains_paywalled_content":false,"footnotes":"","_jetpack_memberships_contains_paid_content":false,"jetpack_publicize_message":"","jetpack_publicize_feature_enabled":true,"jetpack_social_post_already_shared":true,"jetpack_social_options":{"image_generator_settings":{"template":"highway","enabled":false}}},"categories":[2],"tags":[],"jetpack_publicize_connections":[],"jetpack_featured_media_url":"","jetpack_sharing_enabled":true,"jetpack_shortlink":"https:\/\/wp.me\/paFpWR-TE","_links":{"self":[{"href":"https:\/\/bonettiassociados.com.br\/index.php\/wp-json\/wp\/v2\/posts\/3450"}],"collection":[{"href":"https:\/\/bonettiassociados.com.br\/index.php\/wp-json\/wp\/v2\/posts"}],"about":[{"href":"https:\/\/bonettiassociados.com.br\/index.php\/wp-json\/wp\/v2\/types\/post"}],"author":[{"embeddable":true,"href":"https:\/\/bonettiassociados.com.br\/index.php\/wp-json\/wp\/v2\/users\/6"}],"replies":[{"embeddable":true,"href":"https:\/\/bonettiassociados.com.br\/index.php\/wp-json\/wp\/v2\/comments?post=3450"}],"version-history":[{"count":1,"href":"https:\/\/bonettiassociados.com.br\/index.php\/wp-json\/wp\/v2\/posts\/3450\/revisions"}],"predecessor-version":[{"id":3451,"href":"https:\/\/bonettiassociados.com.br\/index.php\/wp-json\/wp\/v2\/posts\/3450\/revisions\/3451"}],"wp:attachment":[{"href":"https:\/\/bonettiassociados.com.br\/index.php\/wp-json\/wp\/v2\/media?parent=3450"}],"wp:term":[{"taxonomy":"category","embeddable":true,"href":"https:\/\/bonettiassociados.com.br\/index.php\/wp-json\/wp\/v2\/categories?post=3450"},{"taxonomy":"post_tag","embeddable":true,"href":"https:\/\/bonettiassociados.com.br\/index.php\/wp-json\/wp\/v2\/tags?post=3450"}],"curies":[{"name":"wp","href":"https:\/\/api.w.org\/{rel}","templated":true}]}}