{"id":3445,"date":"2019-07-15T10:49:55","date_gmt":"2019-07-15T13:49:55","guid":{"rendered":"http:\/\/bonettiassociados.com.br\/?p=3445"},"modified":"2019-07-15T10:49:55","modified_gmt":"2019-07-15T13:49:55","slug":"estados-irao-compartilhar-dados-de-contribuintes-a-partir-de-2020","status":"publish","type":"post","link":"https:\/\/bonettiassociados.com.br\/index.php\/2019\/07\/15\/estados-irao-compartilhar-dados-de-contribuintes-a-partir-de-2020\/","title":{"rendered":"ESTADOS IR\u00c3O COMPARTILHAR DADOS DE CONTRIBUINTES A PARTIR DE 2020"},"content":{"rendered":"<p style=\"text-align: justify;\"><span style=\"font-family: arial, helvetica, sans-serif;\">Consultor Douglas Campanini: medida vai facilitar a checagem de informa\u00e7\u00f5es e, consequentemente, a cobran\u00e7a de tributos pelos Estados.<\/span><!--more--><\/p>\n<p style=\"text-align: justify;\"><span style=\"font-family: arial, helvetica, sans-serif;\">As Fazendas estaduais poder\u00e3o compartilhar informa\u00e7\u00f5es de contribuintes a partir de 1\u00ba de janeiro. A medida consta no Ajuste Sinief n\u00ba 8, publicado pelo Conselho Nacional de Pol\u00edtica Fazend\u00e1ria (Confaz), e dever\u00e1 facilitar os processos de fiscaliza\u00e7\u00e3o, segundo advogados.<\/span><\/p>\n<p style=\"text-align: justify;\"><span style=\"font-family: arial, helvetica, sans-serif;\">Essa troca de dados vai ocorrer no ambiente do Sistema P\u00fablico de Escritura\u00e7\u00e3o Digital (SPED) &#8211; que congrega todas as obriga\u00e7\u00f5es acess\u00f3rias das empresas. Pela norma, o Estado interessado em saber sobre as opera\u00e7\u00f5es do contribuinte dever\u00e1 apresentar requerimento com o motivo e per\u00edodo de apura\u00e7\u00e3o desejado, e o Estado de origem ter\u00e1 prazo de dez dias para enviar a resposta.<\/span><\/p>\n<p style=\"text-align: justify;\"><span style=\"font-family: arial, helvetica, sans-serif;\">Trata-se de uma amplia\u00e7\u00e3o do atual formato. Hoje, os dados que constam na Escritura\u00e7\u00e3o Fiscal Digital (EFD) ficam restritos ao Estado de origem do contribuinte. Os de fora, que s\u00e3o os destinos das vendas, por exemplo, t\u00eam acesso basicamente \u00e0s notas fiscais que s\u00e3o emitidas.<\/span><\/p>\n<p style=\"text-align: justify;\"><span style=\"font-family: arial, helvetica, sans-serif;\">E n\u00e3o \u00e9 poss\u00edvel, s\u00f3 com a nota, saber se o imposto foi efetivamente pago ou se o percentual destacado era aquele mesmo &#8211; se tiver algum tipo de benef\u00edcio, por exemplo, a empresa, no momento da apura\u00e7\u00e3o, repassar\u00e1 um valor menor ao seu Estado do que o registrado no documento.<\/span><\/p>\n<p style=\"text-align: justify;\"><span style=\"font-family: arial, helvetica, sans-serif;\">&#8220;Se n\u00e3o existe um conv\u00eanio, a alternativa, quando h\u00e1 suspeita de irregularidade, \u00e9 pedir os documentos para o pr\u00f3prio contribuinte&#8221;, diz Leo Lopes, s\u00f3cio do FAS Advogados. &#8220;N\u00e3o \u00e9 que o Fisco fique de m\u00e3os atadas e n\u00e3o consiga cobrar valor nenhum. Mas se n\u00e3o tiver a informa\u00e7\u00e3o completa, vai partir de presun\u00e7\u00f5es e gerar autos de infra\u00e7\u00e3o em valores, por vezes, exorbitantes&#8221;, acrescenta.<\/span><\/p>\n<p style=\"text-align: justify;\"><span style=\"font-family: arial, helvetica, sans-serif;\">A possibilidade de as Fazendas P\u00fablicas da Uni\u00e3o, dos Estados e dos munic\u00edpios compartilharem informa\u00e7\u00f5es est\u00e1 prevista no C\u00f3digo Tribut\u00e1rio Nacional (CTN). Consta no artigo 199. Mas desde que estabelecida, em car\u00e1ter geral e espec\u00edfico, por meio de lei ou conv\u00eanio.<\/span><\/p>\n<p style=\"text-align: justify;\"><span style=\"font-family: arial, helvetica, sans-serif;\">O Confaz tratou pela primeira vez desse assunto quando publicou o Conv\u00eanio ICMS de n\u00ba 190, em 2017, que ficou conhecido como o &#8220;conv\u00eanio da guerra fiscal&#8221;, por prever a divulga\u00e7\u00e3o de benef\u00edcios fiscais concedidos \u00e0s empresas pelos Estados. Na cl\u00e1usula 14 consta que &#8220;as unidades federadas concordaram em permitir, mutuamente, o acesso irrestrito \u00e0s informa\u00e7\u00f5es&#8221; e diz que os termos ser\u00e3o previstos em um Ajuste Sinief.<\/span><\/p>\n<p style=\"text-align: justify;\"><span style=\"font-family: arial, helvetica, sans-serif;\">Publicado na semana passada, o Ajuste Sinief n\u00ba 8 define a data em que o compartilhamento come\u00e7ar\u00e1 a ser feito e estabelece os crit\u00e9rios que dever\u00e3o ser seguidos pelos Estados. &#8220;Existe um ritual para ter o acesso. N\u00e3o ser\u00e1 autom\u00e1tico e os Estados tamb\u00e9m n\u00e3o v\u00e3o poder pedir informa\u00e7\u00f5es de v\u00e1rios contribuintes ao mesmo tempo. Dever\u00e1 ser feito um requerimento para cada contribuinte&#8221;, comenta o advogado Douglas Mota, do escrit\u00f3rio Demarest Advogados.<\/span><\/p>\n<p style=\"text-align: justify;\"><span style=\"font-family: arial, helvetica, sans-serif;\">Mas \u00e9 fato que vai facilitar a checagem de informa\u00e7\u00f5es e, consequentemente, a cobran\u00e7a de tributos, enfatiza o consultor Douglas Campanini, da Athros Consultoria e Auditoria. &#8220;Porque se houver ind\u00edcios de que uma empresa de outro Estado n\u00e3o existe ou que est\u00e1 simulando opera\u00e7\u00f5es com o Estado de destino das mercadorias, esse Estado, com o acesso aos dados, vai conseguir a prova do que est\u00e1 acontecendo&#8221;, afirma.<\/span><\/p>\n<p style=\"text-align: justify;\"><span style=\"font-family: arial, helvetica, sans-serif;\">Os Estados v\u00e3o poder se certificar, ainda, se opera\u00e7\u00f5es que geram cr\u00e9ditos s\u00e3o reais ou fict\u00edcias e se a reparti\u00e7\u00e3o de al\u00edquotas, no caso das vendas interestaduais que t\u00eam como destino o consumidor final, est\u00e3o sendo feitas da forma correta, exemplifica Douglas Mota, do escrit\u00f3rio Demarest.<\/span><\/p>\n<p style=\"text-align: justify;\"><span style=\"font-family: arial, helvetica, sans-serif;\">Ele entende tamb\u00e9m que, com a troca de informa\u00e7\u00f5es entre os Estados, poder\u00e1 haver um controle maior aos casos mais espec\u00edficos. O advogado cita como exemplo as opera\u00e7\u00f5es interestaduais que envolvem petr\u00f3leo e energia e n\u00e3o s\u00e3o tribut\u00e1veis quando aquele que est\u00e1 comprando o produto for utiliz\u00e1-lo para a revenda ou para industrializar. &#8220;O Estado pode querer ter acesso aos dados da unidade de destino para checar se aquele objeto est\u00e1 sendo cumprido&#8221;, diz.<\/span><\/p>\n<p style=\"text-align: justify;\"><span style=\"font-family: arial, helvetica, sans-serif;\">H\u00e1 um movimento mundial de compartilhamento de dados fiscais &#8211; de pa\u00eds para pa\u00eds. E mesmo dentro do Brasil, alguns Estados j\u00e1 se utilizam de informa\u00e7\u00f5es que s\u00e3o declaradas \u00e0 Receita Federal para efetuar cobran\u00e7as de tributos. O advogado Marcelo Bolognese, do escrit\u00f3rio que leva o seu nome, cita o exemplo de S\u00e3o Paulo.<\/span><\/p>\n<p style=\"text-align: justify;\"><span style=\"font-family: arial, helvetica, sans-serif;\">O Estado utiliza as declara\u00e7\u00f5es de Imposto de Renda da Pessoa F\u00edsica que s\u00e3o transmitidas \u00e0 Receita Federal para identificar lan\u00e7amentos que possam ser geradores de ITCMD, o imposto que incide sobre doa\u00e7\u00f5es e heran\u00e7as. &#8220;Isso vem acontecendo com base no artigo 199 do CTN&#8221;, afirma. &#8220;E S\u00e3o Paulo tem autuado muitos contribuintes pela falta de pagamento do imposto&#8221;, acrescenta.<\/span><\/p>\n<p style=\"text-align: justify;\"><span style=\"font-family: arial, helvetica, sans-serif;\">Para Leo Lopes, do escrit\u00f3rio FAS Advogados, \u00e9 preciso ter cuidado, no entanto, com a forma como esses dados compartilhados ser\u00e3o utilizados pelas Fazendas estaduais. &#8220;Porque qualquer informa\u00e7\u00e3o protegida pelo sigilo fiscal precisa ter um processo administrativo pr\u00e9vio regular&#8221;, diz. &#8220;Se os dados forem utilizados para a cobran\u00e7a de tributos ou lan\u00e7amento de autos de infra\u00e7\u00e3o ser\u00e1 preciso demonstrar a regularidade do procedimento e tamb\u00e9m comprovar a base de dados que est\u00e1 sendo utilizada.<\/span><\/p>\n<p style=\"text-align: justify;\"><span style=\"font-family: arial, helvetica, sans-serif;\"><strong>FONTE: Valor Econ\u00f4mico &#8211; Por Joice Bacelo<\/strong><\/span><\/p>\n","protected":false},"excerpt":{"rendered":"<p>Consultor Douglas Campanini: medida vai facilitar a checagem de informa\u00e7\u00f5es [&hellip;]<\/p>\n","protected":false},"author":6,"featured_media":0,"comment_status":"closed","ping_status":"open","sticky":false,"template":"","format":"standard","meta":{"jetpack_post_was_ever_published":false,"_jetpack_newsletter_access":"","_jetpack_dont_email_post_to_subs":false,"_jetpack_newsletter_tier_id":0,"_jetpack_memberships_contains_paywalled_content":false,"footnotes":"","_jetpack_memberships_contains_paid_content":false,"jetpack_publicize_message":"","jetpack_publicize_feature_enabled":true,"jetpack_social_post_already_shared":true,"jetpack_social_options":{"image_generator_settings":{"template":"highway","enabled":false}}},"categories":[2],"tags":[],"jetpack_publicize_connections":[],"jetpack_featured_media_url":"","jetpack_sharing_enabled":true,"jetpack_shortlink":"https:\/\/wp.me\/paFpWR-Tz","_links":{"self":[{"href":"https:\/\/bonettiassociados.com.br\/index.php\/wp-json\/wp\/v2\/posts\/3445"}],"collection":[{"href":"https:\/\/bonettiassociados.com.br\/index.php\/wp-json\/wp\/v2\/posts"}],"about":[{"href":"https:\/\/bonettiassociados.com.br\/index.php\/wp-json\/wp\/v2\/types\/post"}],"author":[{"embeddable":true,"href":"https:\/\/bonettiassociados.com.br\/index.php\/wp-json\/wp\/v2\/users\/6"}],"replies":[{"embeddable":true,"href":"https:\/\/bonettiassociados.com.br\/index.php\/wp-json\/wp\/v2\/comments?post=3445"}],"version-history":[{"count":1,"href":"https:\/\/bonettiassociados.com.br\/index.php\/wp-json\/wp\/v2\/posts\/3445\/revisions"}],"predecessor-version":[{"id":3446,"href":"https:\/\/bonettiassociados.com.br\/index.php\/wp-json\/wp\/v2\/posts\/3445\/revisions\/3446"}],"wp:attachment":[{"href":"https:\/\/bonettiassociados.com.br\/index.php\/wp-json\/wp\/v2\/media?parent=3445"}],"wp:term":[{"taxonomy":"category","embeddable":true,"href":"https:\/\/bonettiassociados.com.br\/index.php\/wp-json\/wp\/v2\/categories?post=3445"},{"taxonomy":"post_tag","embeddable":true,"href":"https:\/\/bonettiassociados.com.br\/index.php\/wp-json\/wp\/v2\/tags?post=3445"}],"curies":[{"name":"wp","href":"https:\/\/api.w.org\/{rel}","templated":true}]}}