{"id":3443,"date":"2019-07-15T10:47:17","date_gmt":"2019-07-15T13:47:17","guid":{"rendered":"http:\/\/bonettiassociados.com.br\/?p=3443"},"modified":"2019-07-15T10:47:17","modified_gmt":"2019-07-15T13:47:17","slug":"iss-sao-paulo-prazo-de-entrega-da-declaracao-eletronica-das-sociedades-de-profissionais-d-sup-sera-fixado-em-ato-proprio","status":"publish","type":"post","link":"https:\/\/bonettiassociados.com.br\/index.php\/2019\/07\/15\/iss-sao-paulo-prazo-de-entrega-da-declaracao-eletronica-das-sociedades-de-profissionais-d-sup-sera-fixado-em-ato-proprio\/","title":{"rendered":"ISS\/S\u00c3O PAULO &#8211; PRAZO DE ENTREGA DA DECLARA\u00c7\u00c3O ELETR\u00d4NICA DAS SOCIEDADES DE PROFISSIONAIS (D-SUP) SER\u00c1 FIXADO EM ATO PR\u00d3PRIO"},"content":{"rendered":"<p style=\"text-align: justify;\"><span style=\"font-family: arial, helvetica, sans-serif;\">Instru\u00e7\u00e3o Normativa SF\/Surem n\u00ba 8\/2019 &#8211; DOM S\u00e3o Paulo de 12.07.2019.<\/span><!--more--><\/p>\n<p style=\"text-align: justify;\"><span style=\"font-family: arial, helvetica, sans-serif;\">O ato em fundamento alterou a reda\u00e7\u00e3o do art. 5\u00ba da Instru\u00e7\u00e3o Normativa SF n\u00ba 13\/2015, para determinar que o prazo de in\u00edcio de entrega da Declara\u00e7\u00e3o Eletr\u00f4nica das Sociedades de Profissionais ser\u00e1 fixado anualmente em ato pr\u00f3prio.<\/span><\/p>\n<p style=\"text-align: justify;\"><span style=\"font-family: arial, helvetica, sans-serif;\">Ressalte-se que a D-SUP \u00e9 uma obriga\u00e7\u00e3o acess\u00f3ria que consiste na declara\u00e7\u00e3o pelo contribuinte, por meio eletr\u00f4nico, de informa\u00e7\u00f5es cadastrais, cont\u00e1beis e fiscais, necess\u00e1rias \u00e0 Administra\u00e7\u00e3o Tribut\u00e1ria para verifica\u00e7\u00e3o da regularidade de seu enquadramento no regime especial de recolhimento do Imposto Sobre Servi\u00e7os de Qualquer Natureza (ISS) das Sociedades de Profissionais (SUP).<\/span><\/p>\n<p style=\"text-align: justify;\"><span style=\"font-family: arial, helvetica, sans-serif;\">(Instru\u00e7\u00e3o Normativa SF\/Surem n\u00ba 8\/2019 &#8211; DOM S\u00e3o Paulo de 12.07.2019).<\/span><\/p>\n<p style=\"text-align: justify;\"><span style=\"font-family: arial, helvetica, sans-serif;\"><strong>FONTE: Editorial IOB<\/strong><\/span><\/p>\n","protected":false},"excerpt":{"rendered":"<p>Instru\u00e7\u00e3o Normativa SF\/Surem n\u00ba 8\/2019 &#8211; DOM S\u00e3o Paulo de [&hellip;]<\/p>\n","protected":false},"author":6,"featured_media":0,"comment_status":"closed","ping_status":"open","sticky":false,"template":"","format":"standard","meta":{"jetpack_post_was_ever_published":false,"_jetpack_newsletter_access":"","_jetpack_dont_email_post_to_subs":false,"_jetpack_newsletter_tier_id":0,"_jetpack_memberships_contains_paywalled_content":false,"footnotes":"","_jetpack_memberships_contains_paid_content":false,"jetpack_publicize_message":"","jetpack_publicize_feature_enabled":true,"jetpack_social_post_already_shared":true,"jetpack_social_options":{"image_generator_settings":{"template":"highway","enabled":false}}},"categories":[2],"tags":[],"jetpack_publicize_connections":[],"jetpack_featured_media_url":"","jetpack_sharing_enabled":true,"jetpack_shortlink":"https:\/\/wp.me\/paFpWR-Tx","_links":{"self":[{"href":"https:\/\/bonettiassociados.com.br\/index.php\/wp-json\/wp\/v2\/posts\/3443"}],"collection":[{"href":"https:\/\/bonettiassociados.com.br\/index.php\/wp-json\/wp\/v2\/posts"}],"about":[{"href":"https:\/\/bonettiassociados.com.br\/index.php\/wp-json\/wp\/v2\/types\/post"}],"author":[{"embeddable":true,"href":"https:\/\/bonettiassociados.com.br\/index.php\/wp-json\/wp\/v2\/users\/6"}],"replies":[{"embeddable":true,"href":"https:\/\/bonettiassociados.com.br\/index.php\/wp-json\/wp\/v2\/comments?post=3443"}],"version-history":[{"count":1,"href":"https:\/\/bonettiassociados.com.br\/index.php\/wp-json\/wp\/v2\/posts\/3443\/revisions"}],"predecessor-version":[{"id":3444,"href":"https:\/\/bonettiassociados.com.br\/index.php\/wp-json\/wp\/v2\/posts\/3443\/revisions\/3444"}],"wp:attachment":[{"href":"https:\/\/bonettiassociados.com.br\/index.php\/wp-json\/wp\/v2\/media?parent=3443"}],"wp:term":[{"taxonomy":"category","embeddable":true,"href":"https:\/\/bonettiassociados.com.br\/index.php\/wp-json\/wp\/v2\/categories?post=3443"},{"taxonomy":"post_tag","embeddable":true,"href":"https:\/\/bonettiassociados.com.br\/index.php\/wp-json\/wp\/v2\/tags?post=3443"}],"curies":[{"name":"wp","href":"https:\/\/api.w.org\/{rel}","templated":true}]}}