{"id":3437,"date":"2019-07-15T10:44:11","date_gmt":"2019-07-15T13:44:11","guid":{"rendered":"http:\/\/bonettiassociados.com.br\/?p=3437"},"modified":"2019-07-15T10:44:11","modified_gmt":"2019-07-15T13:44:11","slug":"pequenos-negocios-tem-ate-hoje-15-para-retornar-ao-simples-nacional","status":"publish","type":"post","link":"https:\/\/bonettiassociados.com.br\/index.php\/2019\/07\/15\/pequenos-negocios-tem-ate-hoje-15-para-retornar-ao-simples-nacional\/","title":{"rendered":"PEQUENOS NEG\u00d3CIOS T\u00caM AT\u00c9 HOJE (15) PARA RETORNAR AO SIMPLES NACIONAL"},"content":{"rendered":"<p style=\"text-align: justify;\"><span style=\"font-family: arial, helvetica, sans-serif;\">A orienta\u00e7\u00e3o consta da Resolu\u00e7\u00e3o n\u00ba 146, do Comit\u00ea Gestor do Simples Nacional.<\/span><!--more--><\/p>\n<p style=\"text-align: justify;\"><span style=\"font-family: arial, helvetica, sans-serif;\">O prazo para que as micro e pequenas empresas (MPE) exclu\u00eddas do Simples Nacional solicitem retorno ao sistema termina nesta segunda-feira (15). A orienta\u00e7\u00e3o consta da Resolu\u00e7\u00e3o n\u00ba 146, do Comit\u00ea Gestor do Simples Nacional, da Receita Federal.<\/span><\/p>\n<p style=\"text-align: justify;\"><span style=\"font-family: arial, helvetica, sans-serif;\">O Simples Nacional \u00e9 regime tribut\u00e1rio diferenciado, que re\u00fane, em um \u00fanico documento de arrecada\u00e7\u00e3o, os principais tributos federais, estaduais, municipais e previdenci\u00e1rios devidos \u00e0s MPEs.<\/span><\/p>\n<p style=\"text-align: justify;\"><span style=\"font-family: arial, helvetica, sans-serif;\">Conforme detalha a resolu\u00e7\u00e3o, a possibilidade de retorno se aplica a neg\u00f3cios de pequeno porte que tenham sido retirados do sistema em 1\u00ba de janeiro de 2018. A outra condi\u00e7\u00e3o \u00e9 de que tenham aderido ao Programa Especial de Regulariza\u00e7\u00e3o Tribut\u00e1ria das Microempresas e Empresas de Pequeno Porte optantes pelo Simples Nacional (Pert-SN). \u00c9 necess\u00e1rio ainda que a MPE n\u00e3o apresente nenhuma das restri\u00e7\u00f5es previstas na Lei Complementar n\u00ba 123, de 14 de dezembro de 2006.<\/span><\/p>\n<p style=\"text-align: justify;\"><span style=\"font-family: arial, helvetica, sans-serif;\">De acordo com a lei, n\u00e3o podem aderir ao Simples Nacional, por exemplo, empreendimentos que trabalhem com importa\u00e7\u00e3o ou fabrica\u00e7\u00e3o de autom\u00f3veis e motocicletas. Atacadistas de cigarros, armas de fogo, p\u00f3lvoras e explosivos tamb\u00e9m entram na categoria daqueles que n\u00e3o est\u00e3o habilitados \u00e0 inscri\u00e7\u00e3o.<\/span><\/p>\n<p style=\"text-align: justify;\"><span style=\"font-family: arial, helvetica, sans-serif;\">Foi publicada em 03 de julho de 2019 a Resolu\u00e7\u00e3o do Comit\u00ea Gestor do Simples Nacional (CGSN) n\u00ba 146, de 26 de junho de 2019, que regulamentou a possibilidade de as empresas exclu\u00eddas do Simples Nacional em 1\u00ba de janeiro de 2018 poderem realizar nova op\u00e7\u00e3o por esse regime. A nova op\u00e7\u00e3o foi autorizada de forma extraordin\u00e1ria pela Lei Complementar n\u00ba 168, publicada em 12 de junho de 2019.<\/span><\/p>\n<p style=\"text-align: justify;\"><span style=\"font-family: arial, helvetica, sans-serif;\"><strong>FONTE: Ag\u00eancia Brasil<\/strong><\/span><\/p>\n","protected":false},"excerpt":{"rendered":"<p>A orienta\u00e7\u00e3o consta da Resolu\u00e7\u00e3o n\u00ba 146, do Comit\u00ea Gestor [&hellip;]<\/p>\n","protected":false},"author":6,"featured_media":0,"comment_status":"closed","ping_status":"open","sticky":false,"template":"","format":"standard","meta":{"jetpack_post_was_ever_published":false,"_jetpack_newsletter_access":"","_jetpack_dont_email_post_to_subs":false,"_jetpack_newsletter_tier_id":0,"_jetpack_memberships_contains_paywalled_content":false,"footnotes":"","_jetpack_memberships_contains_paid_content":false,"jetpack_publicize_message":"","jetpack_publicize_feature_enabled":true,"jetpack_social_post_already_shared":true,"jetpack_social_options":{"image_generator_settings":{"template":"highway","enabled":false}}},"categories":[2],"tags":[],"jetpack_publicize_connections":[],"jetpack_featured_media_url":"","jetpack_sharing_enabled":true,"jetpack_shortlink":"https:\/\/wp.me\/paFpWR-Tr","_links":{"self":[{"href":"https:\/\/bonettiassociados.com.br\/index.php\/wp-json\/wp\/v2\/posts\/3437"}],"collection":[{"href":"https:\/\/bonettiassociados.com.br\/index.php\/wp-json\/wp\/v2\/posts"}],"about":[{"href":"https:\/\/bonettiassociados.com.br\/index.php\/wp-json\/wp\/v2\/types\/post"}],"author":[{"embeddable":true,"href":"https:\/\/bonettiassociados.com.br\/index.php\/wp-json\/wp\/v2\/users\/6"}],"replies":[{"embeddable":true,"href":"https:\/\/bonettiassociados.com.br\/index.php\/wp-json\/wp\/v2\/comments?post=3437"}],"version-history":[{"count":1,"href":"https:\/\/bonettiassociados.com.br\/index.php\/wp-json\/wp\/v2\/posts\/3437\/revisions"}],"predecessor-version":[{"id":3438,"href":"https:\/\/bonettiassociados.com.br\/index.php\/wp-json\/wp\/v2\/posts\/3437\/revisions\/3438"}],"wp:attachment":[{"href":"https:\/\/bonettiassociados.com.br\/index.php\/wp-json\/wp\/v2\/media?parent=3437"}],"wp:term":[{"taxonomy":"category","embeddable":true,"href":"https:\/\/bonettiassociados.com.br\/index.php\/wp-json\/wp\/v2\/categories?post=3437"},{"taxonomy":"post_tag","embeddable":true,"href":"https:\/\/bonettiassociados.com.br\/index.php\/wp-json\/wp\/v2\/tags?post=3437"}],"curies":[{"name":"wp","href":"https:\/\/api.w.org\/{rel}","templated":true}]}}