{"id":3435,"date":"2019-07-15T10:43:17","date_gmt":"2019-07-15T13:43:17","guid":{"rendered":"http:\/\/bonettiassociados.com.br\/?p=3435"},"modified":"2019-07-15T10:43:17","modified_gmt":"2019-07-15T13:43:17","slug":"simples-nacional-termina-hoje-o-prazo-de-adesao-retroativa","status":"publish","type":"post","link":"https:\/\/bonettiassociados.com.br\/index.php\/2019\/07\/15\/simples-nacional-termina-hoje-o-prazo-de-adesao-retroativa\/","title":{"rendered":"SIMPLES NACIONAL &#8211; TERMINA HOJE O PRAZO DE ADES\u00c3O RETROATIVA"},"content":{"rendered":"<p style=\"text-align: justify;\"><span style=\"font-family: arial, helvetica, sans-serif;\">Lei Complementar n\u00ba 168\/2019 &#8211; DOU 1 de 13.06.2019; Resolu\u00e7\u00e3o CGSN n\u00ba 146\/2019 &#8211; DOU de 03.07.2019.<\/span><!--more--><\/p>\n<p style=\"text-align: justify;\"><span style=\"font-family: arial, helvetica, sans-serif;\">De acordo com a Lei Complementar n\u00ba 168\/2019 e a Resolu\u00e7\u00e3o CGSN n\u00ba 146\/2019, os contribuintes que foram exclu\u00eddos do Simples Nacional em janeiro\/2018 poder\u00e3o realizar a nova op\u00e7\u00e3o at\u00e9 o dia 15.07.2019, desde que cumulativamente:<\/span><\/p>\n<ol style=\"text-align: justify;\">\n<li><span style=\"font-family: arial, helvetica, sans-serif;\">a) tenham sido exclu\u00eddos do Simples Nacional com efeitos em 1\u00ba.01.2018;<\/span><\/li>\n<li><span style=\"font-family: arial, helvetica, sans-serif;\">b) tenham aderido ao Programa Especial de Regulariza\u00e7\u00e3o Tribut\u00e1ria das Microempresas e Empresas de Pequeno Porte optantes pelo Simples Nacional (Pert-SN); e<\/span><\/li>\n<li><span style=\"font-family: arial, helvetica, sans-serif;\">c) n\u00e3o tenham incorrido, em 1\u00ba.01.2018, nas veda\u00e7\u00f5es previstas na Lei Complementar n\u00ba 123\/2006 .A op\u00e7\u00e3o extraordin\u00e1ria, na forma mencionada, ter\u00e1 efeitos retroativos a 1\u00ba.01.2018 e dever\u00e1 ser realizada por meio da apresenta\u00e7\u00e3o de requerimento junto \u00e0 Receita Federal, conforme o modelo constante do Anexo \u00danico da Resolu\u00e7\u00e3o do CGSN n\u00ba 146\/2019.Vale ressaltar que, sendo deferida a op\u00e7\u00e3o extraordin\u00e1ria o contribuinte ficar\u00e1 sujeito \u00e0s obriga\u00e7\u00f5es tribut\u00e1rias principais e acess\u00f3rias dela decorrentes, desde 1\u00ba.01.2018, devendo:<\/span><\/li>\n<li><span style=\"font-family: arial, helvetica, sans-serif;\">a) transmitir o Programa Gerador do Documento de Arrecada\u00e7\u00e3o do Simples Nacional &#8211; Declarat\u00f3rio (PGDAS-D), relativo a fatos geradores desde janeiro\/2018;<\/span><\/li>\n<li><span style=\"font-family: arial, helvetica, sans-serif;\">b) recolher os tributos apurados por meio do PGDAS-D, com os acr\u00e9scimos legais previstos em lei;<\/span><\/li>\n<li><span style=\"font-family: arial, helvetica, sans-serif;\">c) apresentar as Declara\u00e7\u00f5es de Informa\u00e7\u00f5es Socioecon\u00f4micas e Fiscais (Defis); e<\/span><\/li>\n<li><span style=\"font-family: arial, helvetica, sans-serif;\">d) recolher as multas por atraso na entrega das declara\u00e7\u00f5es.Al\u00e9m disso, caso tenha efetuado o pagamento de tributos de acordo com as normas aplic\u00e1veis \u00e0s demais pessoas jur\u00eddicas, n\u00e3o poder\u00e1 compensar esses cr\u00e9ditos com os d\u00e9bitos apurados na forma do Simples Nacional, por expressa veda\u00e7\u00e3o contida na Lei Complementar n\u00ba 123\/2006. Nessa hip\u00f3tese, para reaver os valores recolhidos em outro regime de tributa\u00e7\u00e3o, o contribuinte dever\u00e1, no \u00e2mbito federal, solicitar restitui\u00e7\u00e3o por meio do programa PER\/DCOMP. E em rela\u00e7\u00e3o \u00e0 restitui\u00e7\u00e3o de tributos, estaduais e municipais, devem ser pleiteados junto aos respectivos entes federados.<\/span><\/li>\n<\/ol>\n<p style=\"text-align: justify;\"><span style=\"font-family: arial, helvetica, sans-serif;\">(Lei Complementar n\u00ba 168\/2019 &#8211; DOU 1 de 13.06.2019; Resolu\u00e7\u00e3o CGSN n\u00ba 146\/2019 &#8211; DOU de 03.07.2019).<\/span><\/p>\n<p style=\"text-align: justify;\"><span style=\"font-family: arial, helvetica, sans-serif;\"><strong>FONTE: Editorial IOB<\/strong><\/span><\/p>\n","protected":false},"excerpt":{"rendered":"<p>Lei Complementar n\u00ba 168\/2019 &#8211; DOU 1 de 13.06.2019; Resolu\u00e7\u00e3o [&hellip;]<\/p>\n","protected":false},"author":6,"featured_media":0,"comment_status":"closed","ping_status":"open","sticky":false,"template":"","format":"standard","meta":{"jetpack_post_was_ever_published":false,"_jetpack_newsletter_access":"","_jetpack_dont_email_post_to_subs":false,"_jetpack_newsletter_tier_id":0,"_jetpack_memberships_contains_paywalled_content":false,"footnotes":"","_jetpack_memberships_contains_paid_content":false,"jetpack_publicize_message":"","jetpack_publicize_feature_enabled":true,"jetpack_social_post_already_shared":true,"jetpack_social_options":{"image_generator_settings":{"template":"highway","enabled":false}}},"categories":[2],"tags":[],"jetpack_publicize_connections":[],"jetpack_featured_media_url":"","jetpack_sharing_enabled":true,"jetpack_shortlink":"https:\/\/wp.me\/paFpWR-Tp","_links":{"self":[{"href":"https:\/\/bonettiassociados.com.br\/index.php\/wp-json\/wp\/v2\/posts\/3435"}],"collection":[{"href":"https:\/\/bonettiassociados.com.br\/index.php\/wp-json\/wp\/v2\/posts"}],"about":[{"href":"https:\/\/bonettiassociados.com.br\/index.php\/wp-json\/wp\/v2\/types\/post"}],"author":[{"embeddable":true,"href":"https:\/\/bonettiassociados.com.br\/index.php\/wp-json\/wp\/v2\/users\/6"}],"replies":[{"embeddable":true,"href":"https:\/\/bonettiassociados.com.br\/index.php\/wp-json\/wp\/v2\/comments?post=3435"}],"version-history":[{"count":1,"href":"https:\/\/bonettiassociados.com.br\/index.php\/wp-json\/wp\/v2\/posts\/3435\/revisions"}],"predecessor-version":[{"id":3436,"href":"https:\/\/bonettiassociados.com.br\/index.php\/wp-json\/wp\/v2\/posts\/3435\/revisions\/3436"}],"wp:attachment":[{"href":"https:\/\/bonettiassociados.com.br\/index.php\/wp-json\/wp\/v2\/media?parent=3435"}],"wp:term":[{"taxonomy":"category","embeddable":true,"href":"https:\/\/bonettiassociados.com.br\/index.php\/wp-json\/wp\/v2\/categories?post=3435"},{"taxonomy":"post_tag","embeddable":true,"href":"https:\/\/bonettiassociados.com.br\/index.php\/wp-json\/wp\/v2\/tags?post=3435"}],"curies":[{"name":"wp","href":"https:\/\/api.w.org\/{rel}","templated":true}]}}