{"id":3424,"date":"2019-07-12T11:06:40","date_gmt":"2019-07-12T14:06:40","guid":{"rendered":"http:\/\/bonettiassociados.com.br\/?p=3424"},"modified":"2019-07-12T11:06:40","modified_gmt":"2019-07-12T14:06:40","slug":"icms-ipi-sped-confaz-divulga-atos-que-dispoem-documentos-eletronicos-codigos-fiscais-e-ingresso-de-produtos-na-zfm","status":"publish","type":"post","link":"https:\/\/bonettiassociados.com.br\/index.php\/2019\/07\/12\/icms-ipi-sped-confaz-divulga-atos-que-dispoem-documentos-eletronicos-codigos-fiscais-e-ingresso-de-produtos-na-zfm\/","title":{"rendered":"ICMS-IPI\/SPED &#8211; CONFAZ DIVULGA ATOS QUE DISP\u00d5EM DOCUMENTOS ELETR\u00d4NICOS, C\u00d3DIGOS FISCAIS E INGRESSO DE PRODUTOS NA ZFM"},"content":{"rendered":"<p style=\"text-align: justify;\"><span style=\"font-family: arial, helvetica, sans-serif;\">Despacho SE\/Confaz n\u00ba 50\/2019 &#8211; DOU 1 de 12.07.2019.<\/span><!--more--><\/p>\n<p style=\"text-align: justify;\"><span style=\"font-family: arial, helvetica, sans-serif;\">O Conselho Nacional de Pol\u00edtica Fazend\u00e1ria (Confaz) deu publicidade aos Ajustes Sinief n\u00bas 11 a 14\/2019 e ao Conv\u00eanio ICMS n\u00ba 134\/2019 , que alteram o Conv\u00eanio s\/n\u00ba, de 1970, que instituiu o Sistema Nacional Integrado de Informa\u00e7\u00f5es Econ\u00f4mico-Fiscais (Sinief), relativamente ao C\u00f3digo Fiscal de Opera\u00e7\u00f5es e Presta\u00e7\u00f5es (CFOP), os Ajustes Sinief que disp\u00f5em sobre o Conhecimento de Transporte Eletr\u00f4nico (CT-e), a Nota Fiscal de Consumidor Eletr\u00f4nica (NFC-e), a Nota Fiscal Eletr\u00f4nica (NF-e) e os procedimentos de ingresso de produtos na Zona Franca de Manaus (ZFM), conforme segue:<\/span><\/p>\n<ol style=\"text-align: justify;\">\n<li><span style=\"font-family: arial, helvetica, sans-serif;\">a) Ajuste Sinief n\u00ba 11\/2019 &#8211; altera o Conv\u00eanio s\/n\u00ba, de 1970, que instituiu o Sinief, relativamente ao CFOP, produzindo efeitos a partir de 1\u00ba.01.2022, em rela\u00e7\u00e3o aos inciso I e III da cl\u00e1usula primeira deste ajuste (CFOP, C\u00f3digo de Situa\u00e7\u00e3o Tribut\u00e1ria &#8211; CST e C\u00f3digo de Regime Tribut\u00e1rio &#8211; CRT) e Tabela B &#8211; Tributa\u00e7\u00e3o do ICMS do Anexo I &#8211; CST; a partir de 1\u00ba.08.2019, em rela\u00e7\u00e3o ao inciso IV da cl\u00e1usula primeira (nota explicativa do CFOP \u201c7.667 &#8211; Venda de combust\u00edvel ou lubrificante a consumidor ou usu\u00e1rio final\u201d do Anexo II); e a partir da publica\u00e7\u00e3o do citado Ajuste Sinief n\u00ba 11\/2019 , quanto aos demais itens deste ajuste;<\/span><\/li>\n<li><span style=\"font-family: arial, helvetica, sans-serif;\">b) Ajuste Sinief n\u00ba 12\/2019 &#8211; altera o Ajuste Sinief n\u00ba 9\/2007 , que instituiu o CT-e e o Documento Auxiliar do Conhecimento de Transporte Eletr\u00f4nico (Dacte), produzindo efeitos a partir de 1\u00ba.01.2022 em rela\u00e7\u00e3o ao inciso I da cl\u00e1usula segunda ,que inclui o art. 5\u00ba-A no Conv\u00eanio Sinief, o qual disp\u00f5e sobre o C\u00f3digo de Regime Tribut\u00e1rio (CRT) que identifica o regime de tributa\u00e7\u00e3o a que est\u00e1 sujeito o contribuinte do ICMS ou do IPI, devendo ser preenchido de acordo com o Anexo III deste conv\u00eanio e ser\u00e1 interpretado de acordo com as respectivas Normas Explicativas, e a partir de 1\u00ba.09.2019, no que se refere aos demais dispositivos;<\/span><\/li>\n<li><span style=\"font-family: arial, helvetica, sans-serif;\">c) Ajuste Sinief n\u00ba 13\/2019 &#8211; altera o Ajuste Sinief n\u00ba 19\/2016 , que instituiu a NFC-e, modelo 65, e o Documento Auxiliar da Nota Fiscal de Consumidor Eletr\u00f4nica (Danfe-NFC-e), produzindo efeitos a partir de 1\u00ba.08.2019 em rela\u00e7\u00e3o ao inciso I da clausula primeira; a partir de 1\u00ba.09.2020 em rela\u00e7\u00e3o ao inciso II da cl\u00e1usula primeira e \u00e0 cl\u00e1usula terceira; a partir de 1\u00ba.01.2022 em rela\u00e7\u00e3o \u00e0 cl\u00e1usula segunda e a partir da publica\u00e7\u00e3o do citado Ajuste Sinief n\u00ba 13\/2019 , quanto aos demais dispositivos deste ajuste;<\/span><\/li>\n<li><span style=\"font-family: arial, helvetica, sans-serif;\">d) Ajuste Sinief n\u00ba 14\/2019 &#8211; altera o Ajuste Sinief n\u00ba 7\/2005 , que instituiu a NF-e e o Documento Auxiliar da Nota Fiscal Eletr\u00f4nica (Danfe), relativamente ao GTIN, CT-e, CTR, etc., produzindo efeitos a partir de 1\u00ba.01.2022 em rela\u00e7\u00e3o \u00e0 al\u00ednea \u201cc\u201d, do inciso I da cl\u00e1usula primeira e \u00e0 cl\u00e1usula terceira deste ajuste, e a partir de 1\u00ba.09.2019 aos demais dispositivos deste ajuste;<\/span><\/li>\n<li><span style=\"font-family: arial, helvetica, sans-serif;\">e) Conv\u00eanio ICMS n\u00ba 134\/2019 &#8211; disp\u00f5e sobre os procedimentos relacionados ao ingresso de produtos industrializados de origem nacional na ZFM, nos Munic\u00edpios de Rio Preto da Eva (AM), Presidente Figueiredo (AM) e nas \u00c1reas de Livre Com\u00e9rcio, com isen\u00e7\u00e3o do ICMS.<\/span><\/li>\n<\/ol>\n<p style=\"text-align: justify;\"><span style=\"font-family: arial, helvetica, sans-serif;\">Observa\u00e7\u00e3o: A Superintend\u00eancia da Zona Franca de Manaus (Suframa) ter\u00e1 100 dias ap\u00f3s a publica\u00e7\u00e3o desse conv\u00eanio para implementar o novo sistema eletr\u00f4nico de ingresso de mercadoria nacional nas \u00e1reas incentivadas, sob sua administra\u00e7\u00e3o, previsto no caput da cl\u00e1usula segunda do citado conv\u00eanio. Ao final desse prazo, ficar\u00e1 revogado o Conv\u00eanio ICMS n\u00ba 23\/2008.<\/span><\/p>\n<p style=\"text-align: justify;\"><span style=\"font-family: arial, helvetica, sans-serif;\">(Despacho SE\/Confaz n\u00ba 50\/2019 &#8211; DOU 1 de 12.07.2019).<\/span><\/p>\n<p style=\"text-align: justify;\"><span style=\"font-family: arial, helvetica, sans-serif;\"><strong>FONTE: Editorial IOB<\/strong><\/span><\/p>\n","protected":false},"excerpt":{"rendered":"<p>Despacho SE\/Confaz n\u00ba 50\/2019 &#8211; DOU 1 de 12.07.2019.<\/p>\n","protected":false},"author":6,"featured_media":0,"comment_status":"closed","ping_status":"open","sticky":false,"template":"","format":"standard","meta":{"jetpack_post_was_ever_published":false,"_jetpack_newsletter_access":"","_jetpack_dont_email_post_to_subs":false,"_jetpack_newsletter_tier_id":0,"_jetpack_memberships_contains_paywalled_content":false,"footnotes":"","_jetpack_memberships_contains_paid_content":false,"jetpack_publicize_message":"","jetpack_publicize_feature_enabled":true,"jetpack_social_post_already_shared":true,"jetpack_social_options":{"image_generator_settings":{"template":"highway","enabled":false}}},"categories":[2],"tags":[],"jetpack_publicize_connections":[],"jetpack_featured_media_url":"","jetpack_sharing_enabled":true,"jetpack_shortlink":"https:\/\/wp.me\/paFpWR-Te","_links":{"self":[{"href":"https:\/\/bonettiassociados.com.br\/index.php\/wp-json\/wp\/v2\/posts\/3424"}],"collection":[{"href":"https:\/\/bonettiassociados.com.br\/index.php\/wp-json\/wp\/v2\/posts"}],"about":[{"href":"https:\/\/bonettiassociados.com.br\/index.php\/wp-json\/wp\/v2\/types\/post"}],"author":[{"embeddable":true,"href":"https:\/\/bonettiassociados.com.br\/index.php\/wp-json\/wp\/v2\/users\/6"}],"replies":[{"embeddable":true,"href":"https:\/\/bonettiassociados.com.br\/index.php\/wp-json\/wp\/v2\/comments?post=3424"}],"version-history":[{"count":1,"href":"https:\/\/bonettiassociados.com.br\/index.php\/wp-json\/wp\/v2\/posts\/3424\/revisions"}],"predecessor-version":[{"id":3425,"href":"https:\/\/bonettiassociados.com.br\/index.php\/wp-json\/wp\/v2\/posts\/3424\/revisions\/3425"}],"wp:attachment":[{"href":"https:\/\/bonettiassociados.com.br\/index.php\/wp-json\/wp\/v2\/media?parent=3424"}],"wp:term":[{"taxonomy":"category","embeddable":true,"href":"https:\/\/bonettiassociados.com.br\/index.php\/wp-json\/wp\/v2\/categories?post=3424"},{"taxonomy":"post_tag","embeddable":true,"href":"https:\/\/bonettiassociados.com.br\/index.php\/wp-json\/wp\/v2\/tags?post=3424"}],"curies":[{"name":"wp","href":"https:\/\/api.w.org\/{rel}","templated":true}]}}