{"id":3416,"date":"2019-07-12T11:00:15","date_gmt":"2019-07-12T14:00:15","guid":{"rendered":"http:\/\/bonettiassociados.com.br\/?p=3416"},"modified":"2019-07-12T11:00:15","modified_gmt":"2019-07-12T14:00:15","slug":"sem-obstaculos-empresa-em-recuperacao-judicial-nao-precisa-apresentar-certidao-negativa","status":"publish","type":"post","link":"https:\/\/bonettiassociados.com.br\/index.php\/2019\/07\/12\/sem-obstaculos-empresa-em-recuperacao-judicial-nao-precisa-apresentar-certidao-negativa\/","title":{"rendered":"SEM OBST\u00c1CULOS &#8211; EMPRESA EM RECUPERA\u00c7\u00c3O JUDICIAL N\u00c3O PRECISA APRESENTAR CERTID\u00c3O NEGATIVA"},"content":{"rendered":"<p style=\"text-align: justify;\"><span style=\"font-family: arial, helvetica, sans-serif;\">Decidiu a 12\u00aa Vara C\u00edvel da Comarca de Santos (SP)<\/span><!--more--><\/p>\n<p style=\"text-align: justify;\"><span style=\"font-family: arial, helvetica, sans-serif;\">Pode ser dispensada a apresenta\u00e7\u00e3o de Certid\u00e3o Negativa de D\u00e9bitos (CND) para a manuten\u00e7\u00e3o das atividades portu\u00e1rias de empresas em recupera\u00e7\u00e3o judicial, decidiu a 12\u00aa Vara C\u00edvel da Comarca de Santos (SP).<\/span><\/p>\n<p style=\"text-align: justify;\"><span style=\"font-family: arial, helvetica, sans-serif;\">Segundo o juiz Andre Diegues da Silva Ferreira, a exig\u00eancia do referido documento para que seja mantido o Certificado de Operador Portu\u00e1rio, al\u00e9m de violar o artigo 52, II, da Lei de Fal\u00eancia e Recupera\u00e7\u00e3o Judicial (Lei 11.101\/2005), inviabiliza a recupera\u00e7\u00e3o da empresa. &#8220;Isso porque prejudica o exerc\u00edcio da sua atividade principal, centrada na movimenta\u00e7\u00e3o e na armazenagem de cargas portu\u00e1rias&#8221;, afirma.<\/span><\/p>\n<p style=\"text-align: justify;\"><span style=\"font-family: arial, helvetica, sans-serif;\">&#8220;Ao menos nessa fase inicial da recupera\u00e7\u00e3o, \u00e9 de bom alvitre n\u00e3o se obstar os procedimentos necess\u00e1rios para aux\u00edlio das empresas em crise, sendo essa a ratio da Lei 11.101\/05, de modo que a retomada dos bens arrenda dos comprometeria a supera\u00e7\u00e3o da crise-econ\u00f4mico-financeira das recuperandas&#8221;, acrescentou.<\/span><\/p>\n<p style=\"text-align: justify;\"><span style=\"font-family: arial, helvetica, sans-serif;\"><strong>FONTE: Conjur &#8211; Por Gabriela Coelho<\/strong><\/span><\/p>\n","protected":false},"excerpt":{"rendered":"<p>Decidiu a 12\u00aa Vara C\u00edvel da Comarca de Santos (SP)<\/p>\n","protected":false},"author":6,"featured_media":0,"comment_status":"closed","ping_status":"open","sticky":false,"template":"","format":"standard","meta":{"jetpack_post_was_ever_published":false,"_jetpack_newsletter_access":"","_jetpack_dont_email_post_to_subs":false,"_jetpack_newsletter_tier_id":0,"_jetpack_memberships_contains_paywalled_content":false,"footnotes":"","_jetpack_memberships_contains_paid_content":false,"jetpack_publicize_message":"","jetpack_publicize_feature_enabled":true,"jetpack_social_post_already_shared":true,"jetpack_social_options":{"image_generator_settings":{"template":"highway","enabled":false}}},"categories":[2],"tags":[],"jetpack_publicize_connections":[],"jetpack_featured_media_url":"","jetpack_sharing_enabled":true,"jetpack_shortlink":"https:\/\/wp.me\/paFpWR-T6","_links":{"self":[{"href":"https:\/\/bonettiassociados.com.br\/index.php\/wp-json\/wp\/v2\/posts\/3416"}],"collection":[{"href":"https:\/\/bonettiassociados.com.br\/index.php\/wp-json\/wp\/v2\/posts"}],"about":[{"href":"https:\/\/bonettiassociados.com.br\/index.php\/wp-json\/wp\/v2\/types\/post"}],"author":[{"embeddable":true,"href":"https:\/\/bonettiassociados.com.br\/index.php\/wp-json\/wp\/v2\/users\/6"}],"replies":[{"embeddable":true,"href":"https:\/\/bonettiassociados.com.br\/index.php\/wp-json\/wp\/v2\/comments?post=3416"}],"version-history":[{"count":1,"href":"https:\/\/bonettiassociados.com.br\/index.php\/wp-json\/wp\/v2\/posts\/3416\/revisions"}],"predecessor-version":[{"id":3417,"href":"https:\/\/bonettiassociados.com.br\/index.php\/wp-json\/wp\/v2\/posts\/3416\/revisions\/3417"}],"wp:attachment":[{"href":"https:\/\/bonettiassociados.com.br\/index.php\/wp-json\/wp\/v2\/media?parent=3416"}],"wp:term":[{"taxonomy":"category","embeddable":true,"href":"https:\/\/bonettiassociados.com.br\/index.php\/wp-json\/wp\/v2\/categories?post=3416"},{"taxonomy":"post_tag","embeddable":true,"href":"https:\/\/bonettiassociados.com.br\/index.php\/wp-json\/wp\/v2\/tags?post=3416"}],"curies":[{"name":"wp","href":"https:\/\/api.w.org\/{rel}","templated":true}]}}