{"id":3414,"date":"2019-07-12T10:57:51","date_gmt":"2019-07-12T13:57:51","guid":{"rendered":"http:\/\/bonettiassociados.com.br\/?p=3414"},"modified":"2019-07-12T10:57:51","modified_gmt":"2019-07-12T13:57:51","slug":"receita-alerta-os-contribuintes-excluidos-do-simples-nacional-em-janeiro-de-2018-que-queiram-fazer-nova-opcao-pelo-regime","status":"publish","type":"post","link":"https:\/\/bonettiassociados.com.br\/index.php\/2019\/07\/12\/receita-alerta-os-contribuintes-excluidos-do-simples-nacional-em-janeiro-de-2018-que-queiram-fazer-nova-opcao-pelo-regime\/","title":{"rendered":"RECEITA ALERTA OS CONTRIBUINTES EXCLU\u00cdDOS DO SIMPLES NACIONAL EM JANEIRO DE 2018 QUE QUEIRAM FAZER NOVA OP\u00c7\u00c3O PELO REGIME"},"content":{"rendered":"<p style=\"text-align: justify;\"><span style=\"font-family: arial, helvetica, sans-serif;\">Contribuintes devem estar atentos \u00e0s regras e aos procedimentos necess\u00e1rios. A estimativa \u00e9 que aproximadamente 50 mil contribuintes se enquadrem nas regras para o retorno ao Regime.<\/span><!--more--><\/p>\n<p style=\"text-align: justify;\"><span style=\"font-family: arial, helvetica, sans-serif;\">A Receita Federal do Brasil alerta os contribuintes que foram exclu\u00eddos do Simples Nacional em janeiro de 2018, que desejarem fazer nova op\u00e7\u00e3o pelo regime, a observarem os procedimentos necess\u00e1rios e as regras enquadramento.<\/span><\/p>\n<p style=\"text-align: justify;\"><span style=\"font-family: arial, helvetica, sans-serif;\">De acordo com a regulamenta\u00e7\u00e3o, os contribuintes poder\u00e3o realizar a nova op\u00e7\u00e3o at\u00e9 o dia 15 de julho de 2019, desde que, cumulativamente:<\/span><\/p>\n<p style=\"text-align: justify;\"><span style=\"font-family: arial, helvetica, sans-serif;\">I &#8211; tenham sido exclu\u00eddos do Simples Nacional com efeitos em 1\u00ba de janeiro de 2018;<\/span><\/p>\n<p style=\"text-align: justify;\"><span style=\"font-family: arial, helvetica, sans-serif;\">II &#8211; tenham aderido ao Programa Especial de Regulariza\u00e7\u00e3o Tribut\u00e1ria das Microempresas e Empresas de Pequeno Porte optantes pelo Simples Nacional (Pert-SN), institu\u00eddo pela Lei Complementar n\u00ba 162, de 6 de abril de 2018; e<\/span><\/p>\n<p style=\"text-align: justify;\"><span style=\"font-family: arial, helvetica, sans-serif;\">III &#8211; n\u00e3o tenham incorrido, em 1\u00ba de janeiro de 2018, nas veda\u00e7\u00f5es previstas na Lei Complementar n\u00ba 123, de 14 de dezembro de 2006.<\/span><\/p>\n<p style=\"text-align: justify;\"><span style=\"font-family: arial, helvetica, sans-serif;\">No caso de deferimento da op\u00e7\u00e3o extraordin\u00e1ria, o contribuinte estar\u00e1 obrigado ao cumprimento das seguintes obriga\u00e7\u00f5es:<\/span><\/p>\n<p style=\"text-align: justify;\"><span style=\"font-family: arial, helvetica, sans-serif;\">&#8211; Transmitir o PGDAS-D relativo a fatos geradores desde janeiro de 2018;<\/span><\/p>\n<p style=\"text-align: justify;\"><span style=\"font-family: arial, helvetica, sans-serif;\">&#8211; Recolher os tributos apurados por meio do PGDAS-D, com acr\u00e9scimos legais, juros e multa, previstos em lei.<\/span><\/p>\n<p style=\"text-align: justify;\"><span style=\"font-family: arial, helvetica, sans-serif;\">&#8211; Apresentar as Declara\u00e7\u00f5es de Informa\u00e7\u00f5es Socioecon\u00f4micas e Fiscais (Defis);<\/span><\/p>\n<p style=\"text-align: justify;\"><span style=\"font-family: arial, helvetica, sans-serif;\">&#8211; Recolher as multas por atraso na entrega das declara\u00e7\u00f5es.<\/span><\/p>\n<p style=\"text-align: justify;\"><span style=\"font-family: arial, helvetica, sans-serif;\">Por expressa veda\u00e7\u00e3o da Lei Complementar 123\/2006, n\u00e3o \u00e9 poss\u00edvel a compensa\u00e7\u00e3o dos tributos apurados na forma do Simples Nacional. J\u00e1 os pedidos de restitui\u00e7\u00e3o dever\u00e3o ser solicitados por meio do PER\/DECOMP &#8211; Pedido Eletr\u00f4nico de Restitui\u00e7\u00e3o, Ressarcimento ou Reembolso de Declara\u00e7\u00e3o de Compensa\u00e7\u00e3o. Eventuais direitos \u00e0 restitui\u00e7\u00e3o de tributos estaduais e municipais devem ser pleiteados junto aos respectivos entes federados.<\/span><\/p>\n<p style=\"text-align: justify;\"><span style=\"font-family: arial, helvetica, sans-serif;\">Para muitos contribuintes, realizar a op\u00e7\u00e3o retroativa pelo Simples Nacional ser\u00e1 mais oneroso do que n\u00e3o fazer esta op\u00e7\u00e3o. Cada contribuinte deve avaliar se \u00e9 vantajoso ou n\u00e3o o retorno para o regime. Estima-se que aproximadamente 50 mil contribuintes se enquadrem nestas regras.<\/span><\/p>\n<p style=\"text-align: justify;\"><span style=\"font-family: arial, helvetica, sans-serif;\"><strong>FONTE: Receita Federal<\/strong><\/span><\/p>\n","protected":false},"excerpt":{"rendered":"<p>Contribuintes devem estar atentos \u00e0s regras e aos procedimentos necess\u00e1rios. [&hellip;]<\/p>\n","protected":false},"author":6,"featured_media":0,"comment_status":"closed","ping_status":"open","sticky":false,"template":"","format":"standard","meta":{"jetpack_post_was_ever_published":false,"_jetpack_newsletter_access":"","_jetpack_dont_email_post_to_subs":false,"_jetpack_newsletter_tier_id":0,"_jetpack_memberships_contains_paywalled_content":false,"footnotes":"","_jetpack_memberships_contains_paid_content":false,"jetpack_publicize_message":"","jetpack_publicize_feature_enabled":true,"jetpack_social_post_already_shared":true,"jetpack_social_options":{"image_generator_settings":{"template":"highway","enabled":false}}},"categories":[2],"tags":[],"jetpack_publicize_connections":[],"jetpack_featured_media_url":"","jetpack_sharing_enabled":true,"jetpack_shortlink":"https:\/\/wp.me\/paFpWR-T4","_links":{"self":[{"href":"https:\/\/bonettiassociados.com.br\/index.php\/wp-json\/wp\/v2\/posts\/3414"}],"collection":[{"href":"https:\/\/bonettiassociados.com.br\/index.php\/wp-json\/wp\/v2\/posts"}],"about":[{"href":"https:\/\/bonettiassociados.com.br\/index.php\/wp-json\/wp\/v2\/types\/post"}],"author":[{"embeddable":true,"href":"https:\/\/bonettiassociados.com.br\/index.php\/wp-json\/wp\/v2\/users\/6"}],"replies":[{"embeddable":true,"href":"https:\/\/bonettiassociados.com.br\/index.php\/wp-json\/wp\/v2\/comments?post=3414"}],"version-history":[{"count":1,"href":"https:\/\/bonettiassociados.com.br\/index.php\/wp-json\/wp\/v2\/posts\/3414\/revisions"}],"predecessor-version":[{"id":3415,"href":"https:\/\/bonettiassociados.com.br\/index.php\/wp-json\/wp\/v2\/posts\/3414\/revisions\/3415"}],"wp:attachment":[{"href":"https:\/\/bonettiassociados.com.br\/index.php\/wp-json\/wp\/v2\/media?parent=3414"}],"wp:term":[{"taxonomy":"category","embeddable":true,"href":"https:\/\/bonettiassociados.com.br\/index.php\/wp-json\/wp\/v2\/categories?post=3414"},{"taxonomy":"post_tag","embeddable":true,"href":"https:\/\/bonettiassociados.com.br\/index.php\/wp-json\/wp\/v2\/tags?post=3414"}],"curies":[{"name":"wp","href":"https:\/\/api.w.org\/{rel}","templated":true}]}}