{"id":3412,"date":"2019-07-12T10:56:30","date_gmt":"2019-07-12T13:56:30","guid":{"rendered":"http:\/\/bonettiassociados.com.br\/?p=3412"},"modified":"2019-07-12T10:56:30","modified_gmt":"2019-07-12T13:56:30","slug":"tributo-municipal-por-ausencia-de-fato-gerador-de-iss-tj-sp-anula-multa-cobrada-de-empresa","status":"publish","type":"post","link":"https:\/\/bonettiassociados.com.br\/index.php\/2019\/07\/12\/tributo-municipal-por-ausencia-de-fato-gerador-de-iss-tj-sp-anula-multa-cobrada-de-empresa\/","title":{"rendered":"TRIBUTO MUNICIPAL &#8211; POR AUS\u00caNCIA DE FATO GERADOR DE ISS, TJ-SP ANULA MULTA COBRADA DE EMPRESA"},"content":{"rendered":"<p style=\"text-align: justify;\"><span style=\"font-family: arial, helvetica, sans-serif;\">O recolhimento do ISS \u00e9 obrigat\u00f3rio quando h\u00e1 presta\u00e7\u00e3o de servi\u00e7os mensalmente.<\/span><!--more--><\/p>\n<p style=\"text-align: justify;\"><span style=\"font-family: arial, helvetica, sans-serif;\">Quando uma empresa n\u00e3o presta servi\u00e7os a outras de forma cont\u00ednua, n\u00e3o h\u00e1 fato gerador de pagamento do ISS. Com esse fundamento, a 15\u00aa C\u00e2mara de Direito P\u00fablico do Tribunal de Justi\u00e7a de S\u00e3o Paulo anulou um auto de infra\u00e7\u00e3o, no valor de R$ 46 mil, aplicado pelo munic\u00edpio de Barueri contra uma empresa de contabilidade por falta de recolhimento do imposto.<\/span><\/p>\n<p style=\"text-align: justify;\"><span style=\"font-family: arial, helvetica, sans-serif;\">O recolhimento do ISS \u00e9 obrigat\u00f3rio quando h\u00e1 presta\u00e7\u00e3o de servi\u00e7os mensalmente. O grupo de contabilidade apenas auxilia no cadastro de outras empresas junto \u00e0 prefeitura de Barueri. Para aplicar a multa, o munic\u00edpio consultou seu banco de dados e encontrou a lista de clientes da empresa de contabilidade e, assim, concluiu que haveria falha no recolhimento do ISS.\u00a0<\/span><\/p>\n<p style=\"text-align: justify;\"><span style=\"font-family: arial, helvetica, sans-serif;\">O ju\u00edzo de primeiro grau determinou a realiza\u00e7\u00e3o de uma per\u00edcia, que constatou a fragilidade do procedimento adotado pelo munic\u00edpio. O perito confirmou que os contadores apenas realizaram o cadastro de empresas no registro municipal, mas n\u00e3o prestaram mais nenhum servi\u00e7o, o que afasta a ocorr\u00eancia de fato gerador de ISS. Com isso, a multa foi anulada em primeira inst\u00e2ncia.<\/span><\/p>\n<p style=\"text-align: justify;\"><span style=\"font-family: arial, helvetica, sans-serif;\">O munic\u00edpio recorreu, mas a 15\u00aa C\u00e2mara de Direito P\u00fablico do TJ-SP, por unanimidade, decidiu manter a senten\u00e7a. \u201cFicou configurado que n\u00e3o houve presta\u00e7\u00e3o de servi\u00e7os de forma cont\u00ednua por parte da apelada\u201d, disse o relator, desembargador Fortes Muniz. Em seu voto, o desembargador Silva Russo tamb\u00e9m destacou a for\u00e7a da prova pericial para justificar a anula\u00e7\u00e3o da multa.<\/span><\/p>\n<p style=\"text-align: justify;\"><span style=\"font-family: arial, helvetica, sans-serif;\">Processo 1000896-26.2017.8.26.0068<\/span><\/p>\n<p style=\"text-align: justify;\"><span style=\"font-family: arial, helvetica, sans-serif;\"><strong>FONTE: Conjur &#8211; Por T\u00e1bata Viapiana<\/strong><\/span><\/p>\n","protected":false},"excerpt":{"rendered":"<p>O recolhimento do ISS \u00e9 obrigat\u00f3rio quando h\u00e1 presta\u00e7\u00e3o de [&hellip;]<\/p>\n","protected":false},"author":6,"featured_media":0,"comment_status":"closed","ping_status":"open","sticky":false,"template":"","format":"standard","meta":{"jetpack_post_was_ever_published":false,"_jetpack_newsletter_access":"","_jetpack_dont_email_post_to_subs":false,"_jetpack_newsletter_tier_id":0,"_jetpack_memberships_contains_paywalled_content":false,"footnotes":"","_jetpack_memberships_contains_paid_content":false,"jetpack_publicize_message":"","jetpack_publicize_feature_enabled":true,"jetpack_social_post_already_shared":true,"jetpack_social_options":{"image_generator_settings":{"template":"highway","enabled":false}}},"categories":[2],"tags":[],"jetpack_publicize_connections":[],"jetpack_featured_media_url":"","jetpack_sharing_enabled":true,"jetpack_shortlink":"https:\/\/wp.me\/paFpWR-T2","_links":{"self":[{"href":"https:\/\/bonettiassociados.com.br\/index.php\/wp-json\/wp\/v2\/posts\/3412"}],"collection":[{"href":"https:\/\/bonettiassociados.com.br\/index.php\/wp-json\/wp\/v2\/posts"}],"about":[{"href":"https:\/\/bonettiassociados.com.br\/index.php\/wp-json\/wp\/v2\/types\/post"}],"author":[{"embeddable":true,"href":"https:\/\/bonettiassociados.com.br\/index.php\/wp-json\/wp\/v2\/users\/6"}],"replies":[{"embeddable":true,"href":"https:\/\/bonettiassociados.com.br\/index.php\/wp-json\/wp\/v2\/comments?post=3412"}],"version-history":[{"count":1,"href":"https:\/\/bonettiassociados.com.br\/index.php\/wp-json\/wp\/v2\/posts\/3412\/revisions"}],"predecessor-version":[{"id":3413,"href":"https:\/\/bonettiassociados.com.br\/index.php\/wp-json\/wp\/v2\/posts\/3412\/revisions\/3413"}],"wp:attachment":[{"href":"https:\/\/bonettiassociados.com.br\/index.php\/wp-json\/wp\/v2\/media?parent=3412"}],"wp:term":[{"taxonomy":"category","embeddable":true,"href":"https:\/\/bonettiassociados.com.br\/index.php\/wp-json\/wp\/v2\/categories?post=3412"},{"taxonomy":"post_tag","embeddable":true,"href":"https:\/\/bonettiassociados.com.br\/index.php\/wp-json\/wp\/v2\/tags?post=3412"}],"curies":[{"name":"wp","href":"https:\/\/api.w.org\/{rel}","templated":true}]}}