{"id":3408,"date":"2019-07-11T11:30:57","date_gmt":"2019-07-11T14:30:57","guid":{"rendered":"http:\/\/bonettiassociados.com.br\/?p=3408"},"modified":"2019-07-11T11:30:57","modified_gmt":"2019-07-11T14:30:57","slug":"devedor-pobre-pode-opor-embargos-a-execucao-sem-garantia-do-juizo","status":"publish","type":"post","link":"https:\/\/bonettiassociados.com.br\/index.php\/2019\/07\/11\/devedor-pobre-pode-opor-embargos-a-execucao-sem-garantia-do-juizo\/","title":{"rendered":"DEVEDOR POBRE PODE OPOR EMBARGOS A EXECU\u00c7\u00c3O SEM GARANTIA DO JU\u00cdZO"},"content":{"rendered":"<p style=\"text-align: justify;\"><span style=\"font-family: arial, helvetica, sans-serif;\">Deve ser afastada a exig\u00eancia da garantia do ju\u00edzo para a oposi\u00e7\u00e3o de embargos \u00e0 execu\u00e7\u00e3o fiscal\u00a0caso comprovado inequivocadamente que o devedor n\u00e3o possui patrim\u00f4nio para garantia do cr\u00e9dito em execu\u00e7\u00e3o. Assim fixou a 1\u00aa Turma do Superior Tribunal de Justi\u00e7a.<\/span><!--more--><\/p>\n<p style=\"text-align: justify;\"><span style=\"font-family: arial, helvetica, sans-serif;\">Prevaleceu entendimento do relator, ministro Gurgel de Faria. Para ele, os embargos s\u00e3o o meio de defesa do executado contra a cobran\u00e7a da d\u00edvida tribut\u00e1ria ou n\u00e3o tribut\u00e1ria da Fazenda P\u00fablica, mas que &#8220;n\u00e3o ser\u00e3o admiss\u00edveis antes de garantida a execu\u00e7\u00e3o&#8221;.<\/span><\/p>\n<p style=\"text-align: justify;\"><span style=\"font-family: arial, helvetica, sans-serif;\">Segundo o ministro, a Constitui\u00e7\u00e3o Federal resguarda a todos os cidad\u00e3os o direito de acesso ao Poder Judici\u00e1rio, ao contradit\u00f3rio e \u00e0 ampla defesa.<\/span><\/p>\n<p style=\"text-align: justify;\"><span style=\"font-family: arial, helvetica, sans-serif;\">&#8220;O STJ, com base em tais princ\u00edpios constitucionais, j\u00e1 mitigou a obrigatoriedade de garantia integral do cr\u00e9dito executado para o recebimento dos embargos \u00e0 execu\u00e7\u00e3o fiscal na sistem\u00e1tica dos recursos repetitivos. Nessa linha de interpreta\u00e7\u00e3o, deve ser afastada a exig\u00eancia da garantia do ju\u00edzo para a oposi\u00e7\u00e3o de embargos \u00e0 execu\u00e7\u00e3o fiscal&#8221;, diz.<\/span><\/p>\n<p style=\"text-align: justify;\"><span style=\"font-family: arial, helvetica, sans-serif;\">De acordo com o relator, em um racioc\u00ednio sistem\u00e1tico da legisla\u00e7\u00e3o federal aplicada, pelo simples fato de o executado ser amparado pela gratuidade judicial, n\u00e3o h\u00e1 previs\u00e3o expressa autorizando a oposi\u00e7\u00e3o dos embargos sem a garantia do ju\u00edzo.<\/span><\/p>\n<p style=\"text-align: justify;\"><span style=\"font-family: arial, helvetica, sans-serif;\">&#8220;No caso, a controv\u00e9rsia deve ser resolvida n\u00e3o sob esse \u00e2ngulo (do executado ser benefici\u00e1rio, ou n\u00e3o, da justi\u00e7a gratuita), mas, sim, pelo lado da sua hipossufici\u00eancia, pois, adotando-se tese contr\u00e1ria, tal implicaria em garantir o direito de defesa ao &#8216;rico&#8217;, que disp\u00f5e de patrim\u00f4nio suficiente para segurar o Ju\u00edzo, e negar o direito de defesa ao &#8216;pobre&#8217;.&#8221;<\/span><\/p>\n<p style=\"text-align: justify;\"><span style=\"font-family: arial, helvetica, sans-serif;\">Para o colegiado, n\u00e3o tendo a hipossufici\u00eancia do executado sido enfrentada pelas inst\u00e2ncias ordin\u00e1rias, premissa f\u00e1tica indispens\u00e1vel para a solu\u00e7\u00e3o do lit\u00edgio, \u00e9 de rigor a devolu\u00e7\u00e3o dos autos \u00e0 origem para que defina tal circunst\u00e2ncia, &#8220;mostrando-se necess\u00e1ria a investiga\u00e7\u00e3o da exist\u00eancia de bens ou direitos penhor\u00e1veis, ainda que sejam insuficientes \u00e0 garantia do d\u00e9bito e, por \u00f3bvio, com observ\u00e2ncia das limita\u00e7\u00f5es legais&#8221;.<\/span><\/p>\n<p style=\"text-align: justify;\"><span style=\"font-family: arial, helvetica, sans-serif;\"><strong>Fonte: CONJUR \u2013 Gabriela Coelho<\/strong><\/span><\/p>\n","protected":false},"excerpt":{"rendered":"<p>Deve ser afastada a exig\u00eancia da garantia do ju\u00edzo para [&hellip;]<\/p>\n","protected":false},"author":6,"featured_media":0,"comment_status":"closed","ping_status":"open","sticky":false,"template":"","format":"standard","meta":{"jetpack_post_was_ever_published":false,"_jetpack_newsletter_access":"","_jetpack_dont_email_post_to_subs":false,"_jetpack_newsletter_tier_id":0,"_jetpack_memberships_contains_paywalled_content":false,"footnotes":"","_jetpack_memberships_contains_paid_content":false,"jetpack_publicize_message":"","jetpack_publicize_feature_enabled":true,"jetpack_social_post_already_shared":true,"jetpack_social_options":{"image_generator_settings":{"template":"highway","enabled":false}}},"categories":[2],"tags":[],"jetpack_publicize_connections":[],"jetpack_featured_media_url":"","jetpack_sharing_enabled":true,"jetpack_shortlink":"https:\/\/wp.me\/paFpWR-SY","_links":{"self":[{"href":"https:\/\/bonettiassociados.com.br\/index.php\/wp-json\/wp\/v2\/posts\/3408"}],"collection":[{"href":"https:\/\/bonettiassociados.com.br\/index.php\/wp-json\/wp\/v2\/posts"}],"about":[{"href":"https:\/\/bonettiassociados.com.br\/index.php\/wp-json\/wp\/v2\/types\/post"}],"author":[{"embeddable":true,"href":"https:\/\/bonettiassociados.com.br\/index.php\/wp-json\/wp\/v2\/users\/6"}],"replies":[{"embeddable":true,"href":"https:\/\/bonettiassociados.com.br\/index.php\/wp-json\/wp\/v2\/comments?post=3408"}],"version-history":[{"count":1,"href":"https:\/\/bonettiassociados.com.br\/index.php\/wp-json\/wp\/v2\/posts\/3408\/revisions"}],"predecessor-version":[{"id":3409,"href":"https:\/\/bonettiassociados.com.br\/index.php\/wp-json\/wp\/v2\/posts\/3408\/revisions\/3409"}],"wp:attachment":[{"href":"https:\/\/bonettiassociados.com.br\/index.php\/wp-json\/wp\/v2\/media?parent=3408"}],"wp:term":[{"taxonomy":"category","embeddable":true,"href":"https:\/\/bonettiassociados.com.br\/index.php\/wp-json\/wp\/v2\/categories?post=3408"},{"taxonomy":"post_tag","embeddable":true,"href":"https:\/\/bonettiassociados.com.br\/index.php\/wp-json\/wp\/v2\/tags?post=3408"}],"curies":[{"name":"wp","href":"https:\/\/api.w.org\/{rel}","templated":true}]}}