{"id":3172,"date":"2019-06-28T12:36:12","date_gmt":"2019-06-28T15:36:12","guid":{"rendered":"http:\/\/bonettiassociados.com.br\/?p=3172"},"modified":"2019-06-28T12:36:12","modified_gmt":"2019-06-28T15:36:12","slug":"stf-mantem-trava-de-30-para-compensacao-de-prejuizo-fiscal","status":"publish","type":"post","link":"https:\/\/bonettiassociados.com.br\/index.php\/2019\/06\/28\/stf-mantem-trava-de-30-para-compensacao-de-prejuizo-fiscal\/","title":{"rendered":"STF MANT\u00c9M TRAVA DE 30% PARA COMPENSA\u00c7\u00c3O DE PREJU\u00cdZO FISCAL"},"content":{"rendered":"<p style=\"text-align: justify;\"><span style=\"font-family: arial, helvetica, sans-serif;\">Ministros seguiram ontem no julgamento sobre a constitucionalidade da trava de 30% o voto do ministro Alexandre de Moraes, o primeiro a divergir do relator, ministro Marco Aur\u00e9lio.<\/span><!--more--><\/p>\n<p style=\"text-align: justify;\"><span style=\"font-family: arial, helvetica, sans-serif;\">A Fazenda Nacional venceu ontem, no Supremo Tribunal Federal (STF), um dos julgamentos tribut\u00e1rios mais aguardados do semestre. Os ministros, por maioria de votos, reconheceram a validade do limite de 30% para a compensa\u00e7\u00e3o de preju\u00edzo fiscal do Imposto de Renda (IRPJ) e de base de c\u00e1lculo negativa da Contribui\u00e7\u00e3o Social sobre o Lucro L\u00edquido (CSLL).<\/span><\/p>\n<p style=\"text-align: justify;\"><span style=\"font-family: arial, helvetica, sans-serif;\">A chamada &#8220;trava de 30%&#8221; \u00e9 o limite anual de preju\u00edzo que pode ser abatido do c\u00e1lculo dos tributos federais &#8211; que incidem sobre o lucro. O limite foi fixado pelas leis n\u00ba 8.981 e n\u00ba 9.065, ambas de 1995. Antes todo o preju\u00edzo podia ser deduzido.<\/span><\/p>\n<p style=\"text-align: justify;\"><span style=\"font-family: arial, helvetica, sans-serif;\">O tema n\u00e3o \u00e9 in\u00e9dito no Supremo. Em 2009, os ministros j\u00e1 haviam considerado a trava constitucional (RE 344994), por nove votos a um. Por\u00e9m, naquele julgamento, os argumentos analisados eram outros. Ontem, julgaram o tema com base na alega\u00e7\u00e3o de que o limite violaria princ\u00edpios constitucionais, como veda\u00e7\u00e3o ao confisco e viola\u00e7\u00e3o da capacidade contributiva (RE 591340).<\/span><\/p>\n<p style=\"text-align: justify;\"><span style=\"font-family: arial, helvetica, sans-serif;\">Havia a expectativa, entre alguns contribuintes, de que poderiam ser esclarecidos outros pontos. Entre eles, se a trava deve ser aplicada mesmo quando uma empresa \u00e9 incorporada ou extinta. Os ministros, por\u00e9m, n\u00e3o analisaram esse aspecto.<\/span><\/p>\n<p style=\"text-align: justify;\"><span style=\"font-family: arial, helvetica, sans-serif;\">Por seis votos a tr\u00eas, fixaram a seguinte tese: &#8220;\u00c9 constitucional a limita\u00e7\u00e3o do direito de compensa\u00e7\u00e3o de preju\u00edzos fiscais no IRPJ e da base de c\u00e1lculo negativa da CSLL&#8221;. A Procuradoria-Geral da Fazenda Nacional (PGFN) n\u00e3o tem estimativa do impacto econ\u00f4mico da discuss\u00e3o.<\/span><\/p>\n<p style=\"text-align: justify;\"><span style=\"font-family: arial, helvetica, sans-serif;\">A tese fixada no julgamento foi sugerida pelo ministro Alexandre de Moraes, o primeiro a divergir do relator, ministro Marco Aur\u00e9lio. Moraes foi acompanhado por Lu\u00eds Roberto Barroso, Rosa Weber, Gilmar Mendes, Luiz Fux e Dias Toffoli. Ficaram vencidos, com o relator, os ministros Edson Fachin e Ricardo Lewandowski. Os ministros Celso de Mello e C\u00e1rmen L\u00facia estavam ausentes.<\/span><\/p>\n<p style=\"text-align: justify;\"><span style=\"font-family: arial, helvetica, sans-serif;\">Para Moraes, n\u00e3o h\u00e1 desrespeito aos princ\u00edpios constitucionais do sistema tribut\u00e1rio nacional. &#8220;N\u00e3o houve nenhum efeito confiscat\u00f3rio. Em verdade, n\u00e3o h\u00e1 um direito adquirido de poder compensar preju\u00edzos para efeitos de an\u00e1lise do lucro e da tributa\u00e7\u00e3o&#8221;, disse o ministro.<\/span><\/p>\n<p style=\"text-align: justify;\"><span style=\"font-family: arial, helvetica, sans-serif;\">De acordo com Moraes, existem mecanismos para tentar auxiliar as empresas, manter empregabilidade e renda e um deles \u00e9 o sistema de compensa\u00e7\u00e3o de preju\u00edzos fiscais que, no Brasil, existe desde 1947. &#8220;N\u00e3o h\u00e1 cl\u00e1usula p\u00e9trea de garantia de sobreviv\u00eancia de empresas ineficientes&#8221;, acrescentou.<\/span><\/p>\n<p style=\"text-align: justify;\"><span style=\"font-family: arial, helvetica, sans-serif;\">Lu\u00eds Roberto Barroso seguiu o entendimento. &#8220;N\u00e3o vejo viola\u00e7\u00e3o a nenhum princ\u00edpio constitucional. Posso achar melhor, pior, mais ou menos conveniente, mas n\u00e3o acho que se est\u00e1 violando nenhum direito fundamental do contribuinte&#8221;, disse, em seu voto, o ministro.<\/span><\/p>\n<p style=\"text-align: justify;\"><span style=\"font-family: arial, helvetica, sans-serif;\"><strong>FONTE: Valor Econ\u00f4mico &#8211; Por Beatriz Olivon<\/strong><\/span><\/p>\n","protected":false},"excerpt":{"rendered":"<p>Ministros seguiram ontem no julgamento sobre a constitucionalidade da trava [&hellip;]<\/p>\n","protected":false},"author":6,"featured_media":0,"comment_status":"closed","ping_status":"open","sticky":false,"template":"","format":"standard","meta":{"jetpack_post_was_ever_published":false,"_jetpack_newsletter_access":"","_jetpack_dont_email_post_to_subs":false,"_jetpack_newsletter_tier_id":0,"_jetpack_memberships_contains_paywalled_content":false,"footnotes":"","_jetpack_memberships_contains_paid_content":false,"jetpack_publicize_message":"","jetpack_publicize_feature_enabled":true,"jetpack_social_post_already_shared":true,"jetpack_social_options":{"image_generator_settings":{"template":"highway","enabled":false}}},"categories":[2],"tags":[],"jetpack_publicize_connections":[],"jetpack_featured_media_url":"","jetpack_sharing_enabled":true,"jetpack_shortlink":"https:\/\/wp.me\/paFpWR-Pa","_links":{"self":[{"href":"https:\/\/bonettiassociados.com.br\/index.php\/wp-json\/wp\/v2\/posts\/3172"}],"collection":[{"href":"https:\/\/bonettiassociados.com.br\/index.php\/wp-json\/wp\/v2\/posts"}],"about":[{"href":"https:\/\/bonettiassociados.com.br\/index.php\/wp-json\/wp\/v2\/types\/post"}],"author":[{"embeddable":true,"href":"https:\/\/bonettiassociados.com.br\/index.php\/wp-json\/wp\/v2\/users\/6"}],"replies":[{"embeddable":true,"href":"https:\/\/bonettiassociados.com.br\/index.php\/wp-json\/wp\/v2\/comments?post=3172"}],"version-history":[{"count":1,"href":"https:\/\/bonettiassociados.com.br\/index.php\/wp-json\/wp\/v2\/posts\/3172\/revisions"}],"predecessor-version":[{"id":3173,"href":"https:\/\/bonettiassociados.com.br\/index.php\/wp-json\/wp\/v2\/posts\/3172\/revisions\/3173"}],"wp:attachment":[{"href":"https:\/\/bonettiassociados.com.br\/index.php\/wp-json\/wp\/v2\/media?parent=3172"}],"wp:term":[{"taxonomy":"category","embeddable":true,"href":"https:\/\/bonettiassociados.com.br\/index.php\/wp-json\/wp\/v2\/categories?post=3172"},{"taxonomy":"post_tag","embeddable":true,"href":"https:\/\/bonettiassociados.com.br\/index.php\/wp-json\/wp\/v2\/tags?post=3172"}],"curies":[{"name":"wp","href":"https:\/\/api.w.org\/{rel}","templated":true}]}}