{"id":3170,"date":"2019-06-28T12:34:03","date_gmt":"2019-06-28T15:34:03","guid":{"rendered":"http:\/\/bonettiassociados.com.br\/?p=3170"},"modified":"2019-06-28T12:34:03","modified_gmt":"2019-06-28T15:34:03","slug":"limitacao-constitucional-trava-de-30-para-aproveitamento-de-prejuizo-fiscal-e-constitucional-diz-stf","status":"publish","type":"post","link":"https:\/\/bonettiassociados.com.br\/index.php\/2019\/06\/28\/limitacao-constitucional-trava-de-30-para-aproveitamento-de-prejuizo-fiscal-e-constitucional-diz-stf\/","title":{"rendered":"LIMITA\u00c7\u00c3O CONSTITUCIONAL &#8211; TRAVA DE 30% PARA APROVEITAMENTO DE PREJU\u00cdZO FISCAL \u00c9 CONSTITUCIONAL, DIZ STF"},"content":{"rendered":"<p style=\"text-align: justify;\"><span style=\"font-family: arial, helvetica, sans-serif;\">Por 6 a 3, STF decidiu que a trava de 30% para aproveitamento de preju\u00edzo fiscal \u00e9 constitucional.<\/span><!--more--><\/p>\n<p style=\"text-align: justify;\"><span style=\"font-family: arial, helvetica, sans-serif;\">O limite de 30% para aproveitamento de preju\u00edzo no abatimento do Imposto de Renda de pessoa jur\u00eddica e sobre a CSLL \u00e9 constitucional. Assim entendeu, por maioria, o Supremo Tribunal Federal ao negar provimento a um recurso extraordin\u00e1rio que questionou a aplica\u00e7\u00e3o da chamada trava de 30% para abatimento de preju\u00edzo da base de c\u00e1lculo de tributos.<\/span><\/p>\n<p style=\"text-align: justify;\"><span style=\"font-family: arial, helvetica, sans-serif;\">Ficou vencido o relator, ministro Marco Aur\u00e9lio. Para ele, a trava de 30% \u00e9 inconstitucional e apresenta &#8220;contornos confiscat\u00f3rios&#8221;. &#8220;Onde n\u00e3o h\u00e1 renda, n\u00e3o \u00e9 conceb\u00edvel a incid\u00eancia de imposto de renda. E \u00e9 por tributar como renda as grandezas que n\u00e3o o s\u00e3o, \u00e9 que a limita\u00e7\u00e3o implica uma viola\u00e7\u00e3o do princ\u00edpio da capacidade contributiva&#8221;, afirmou. O relator foi acompanhado pelos ministros Luiz Edson Fachin e Ricardo Lewandowski \u2013 este \u00faltimo mudou de entendimento durante o julgamento, ao ouvir os argumentos de Marco Aur\u00e9lio.<\/span><\/p>\n<p style=\"text-align: justify;\"><span style=\"font-family: arial, helvetica, sans-serif;\">O ministro Alexandre de Moraes abriu a diverg\u00eancia e votou pela constitucionalidade da trava de 30%. Ele entende que a legisla\u00e7\u00e3o n\u00e3o fere nenhum dos princ\u00edpios constitucionais do sistema tribut\u00e1rio nacional. &#8220;Trata-se de uma benesse ao contribuinte. O poder p\u00fablico pode editar normas que ajudem o empreendedorismo, mas n\u00e3o h\u00e1 direito adquirido nisso, n\u00e3o h\u00e1 obrigatoriedade da previs\u00e3o de compensa\u00e7\u00e3o de preju\u00edzos, n\u00e3o h\u00e1 cl\u00e1usula p\u00e9trea para garantir a sobreviv\u00eancia de empresas ineficientes&#8221;, afirmou.<\/span><\/p>\n<p style=\"text-align: justify;\"><span style=\"font-family: arial, helvetica, sans-serif;\">Esse entendimento foi acompanhado pelos ministros Luis Roberto Barroso, Rosa Weber, Gilmar Mendes, Luiz Fux e Dias Toffoli. Ao negar provimento ao recurso, Rosa Weber tamb\u00e9m falou em &#8220;seguran\u00e7a jur\u00eddica&#8221;, pois a quest\u00e3o j\u00e1 havia sido discutida pelo STF em 2009. &#8220;N\u00e3o vejo algum elemento novo, a n\u00e3o ser a altera\u00e7\u00e3o da composi\u00e7\u00e3o do Plen\u00e1rio, que me leve a votar para alterar o entendimento que est\u00e1 vigorando h\u00e1 dez anos. Entendo que n\u00e3o se deve revisitar o tema&#8221;, disse a ministra. N\u00e3o estavam presentes na sess\u00e3o os ministros Celso de Melo e C\u00e1rmen L\u00facia.<\/span><\/p>\n<p style=\"text-align: justify;\"><span style=\"font-family: arial, helvetica, sans-serif;\">A trava de 30% \u00e9 o limite anual para aproveitamento do preju\u00edzo para abatimento dos impostos. De acordo com a legisla\u00e7\u00e3o, empresas que tiverem preju\u00edzos podem us\u00e1-lo para abater do Imposto de Renda e da Contribui\u00e7\u00e3o Social sobre Lucro L\u00edquido (CSLL), que incidem sobre os lucros das empresas. S\u00f3 que a lei limita esse aproveitamento a 30% ao ano. Antes dela, as empresas podiam abater todo o preju\u00edzo do ano na declara\u00e7\u00e3o de imposto do ano seguinte.<\/span><\/p>\n<p style=\"text-align: justify;\"><span style=\"font-family: arial, helvetica, sans-serif;\"><strong>FONTE: Conjur &#8211; Por T\u00e1bata Viapiana<\/strong><\/span><\/p>\n","protected":false},"excerpt":{"rendered":"<p>Por 6 a 3, STF decidiu que a trava de [&hellip;]<\/p>\n","protected":false},"author":6,"featured_media":0,"comment_status":"closed","ping_status":"open","sticky":false,"template":"","format":"standard","meta":{"jetpack_post_was_ever_published":false,"_jetpack_newsletter_access":"","_jetpack_dont_email_post_to_subs":false,"_jetpack_newsletter_tier_id":0,"_jetpack_memberships_contains_paywalled_content":false,"footnotes":"","_jetpack_memberships_contains_paid_content":false,"jetpack_publicize_message":"","jetpack_publicize_feature_enabled":true,"jetpack_social_post_already_shared":true,"jetpack_social_options":{"image_generator_settings":{"template":"highway","enabled":false}}},"categories":[2],"tags":[],"jetpack_publicize_connections":[],"jetpack_featured_media_url":"","jetpack_sharing_enabled":true,"jetpack_shortlink":"https:\/\/wp.me\/paFpWR-P8","_links":{"self":[{"href":"https:\/\/bonettiassociados.com.br\/index.php\/wp-json\/wp\/v2\/posts\/3170"}],"collection":[{"href":"https:\/\/bonettiassociados.com.br\/index.php\/wp-json\/wp\/v2\/posts"}],"about":[{"href":"https:\/\/bonettiassociados.com.br\/index.php\/wp-json\/wp\/v2\/types\/post"}],"author":[{"embeddable":true,"href":"https:\/\/bonettiassociados.com.br\/index.php\/wp-json\/wp\/v2\/users\/6"}],"replies":[{"embeddable":true,"href":"https:\/\/bonettiassociados.com.br\/index.php\/wp-json\/wp\/v2\/comments?post=3170"}],"version-history":[{"count":1,"href":"https:\/\/bonettiassociados.com.br\/index.php\/wp-json\/wp\/v2\/posts\/3170\/revisions"}],"predecessor-version":[{"id":3171,"href":"https:\/\/bonettiassociados.com.br\/index.php\/wp-json\/wp\/v2\/posts\/3170\/revisions\/3171"}],"wp:attachment":[{"href":"https:\/\/bonettiassociados.com.br\/index.php\/wp-json\/wp\/v2\/media?parent=3170"}],"wp:term":[{"taxonomy":"category","embeddable":true,"href":"https:\/\/bonettiassociados.com.br\/index.php\/wp-json\/wp\/v2\/categories?post=3170"},{"taxonomy":"post_tag","embeddable":true,"href":"https:\/\/bonettiassociados.com.br\/index.php\/wp-json\/wp\/v2\/tags?post=3170"}],"curies":[{"name":"wp","href":"https:\/\/api.w.org\/{rel}","templated":true}]}}