{"id":3163,"date":"2019-06-27T10:48:52","date_gmt":"2019-06-27T13:48:52","guid":{"rendered":"http:\/\/bonettiassociados.com.br\/?p=3163"},"modified":"2019-06-27T10:48:52","modified_gmt":"2019-06-27T13:48:52","slug":"deliberacao-dos-socios","status":"publish","type":"post","link":"https:\/\/bonettiassociados.com.br\/index.php\/2019\/06\/27\/deliberacao-dos-socios\/","title":{"rendered":"DELIBERA\u00c7\u00c3O DOS S\u00d3CIOS"},"content":{"rendered":"<p style=\"text-align: justify;\"><span style=\"font-family: arial, helvetica, sans-serif;\">Delibera\u00e7\u00e3o os s\u00f3cios, \u00e9 um assunto que demanda muitas d\u00favidas do ponto de vista societ\u00e1rio, pois h\u00e1 uma s\u00e9rie de regra que norteiam as delibera\u00e7\u00f5es dos s\u00f3cios.<\/span><!--more--><\/p>\n<p style=\"text-align: justify;\"><span style=\"font-family: arial, helvetica, sans-serif;\">Delibera\u00e7\u00e3o dos s\u00f3cios<\/span><\/p>\n<p style=\"text-align: justify;\"><span style=\"font-family: arial, helvetica, sans-serif;\">Faremos um breve resumo do que seja delibera\u00e7\u00e3o os s\u00f3cios, \u00e9 um assunto que demanda muitas d\u00favidas do ponto de vista societ\u00e1rio, pois h\u00e1 uma s\u00e9rie de regra que norteiam as delibera\u00e7\u00f5es dos s\u00f3cios.<\/span><\/p>\n<p style=\"text-align: justify;\"><span style=\"font-family: arial, helvetica, sans-serif;\">Entendemos com clareza quando falamos que delibera\u00e7\u00e3o dos s\u00f3cios \u00e9 uma decis\u00e3o que os s\u00f3cios tiveram em um determinado momento, sobre assuntos relacionado a empresa. Se entendermos desta forma fica um pouco mais f\u00e1cil de explicar.<\/span><\/p>\n<p style=\"text-align: justify;\"><span style=\"font-family: arial, helvetica, sans-serif;\">Para os s\u00f3cios decidirem alguma coisa sobre a empresa, eles devem fazer uma reuni\u00e3o de s\u00f3cios, ou podemos chamar, tamb\u00e9m, de assembleia de s\u00f3cios e registrar todas as decis\u00f5es na ata que toda empresa tem, que \u00e9 chamado de ata de reuni\u00e3o de s\u00f3cios.<\/span><\/p>\n<p style=\"text-align: justify;\"><span style=\"font-family: arial, helvetica, sans-serif;\">Ata de reuni\u00e3o de s\u00f3cios \u00e9 um livro que cont\u00e9m todas as decis\u00f5es dos s\u00f3cios em um determinando momento.<\/span><\/p>\n<p style=\"text-align: justify;\"><span style=\"font-family: arial, helvetica, sans-serif;\">E quais as decis\u00f5es os s\u00f3cios devem pontuar na reuni\u00e3o de s\u00f3cios ou assembleia de s\u00f3cios? Vamos fazer uma lista dos quais os s\u00f3cios devem pontuar na ata de s\u00f3cios:<\/span><\/p>\n<p style=\"text-align: justify;\"><span style=\"font-family: arial, helvetica, sans-serif;\">Aprova\u00e7\u00e3o de contas da administra\u00e7\u00e3o;<\/span><\/p>\n<p style=\"text-align: justify;\"><span style=\"font-family: arial, helvetica, sans-serif;\">Designa\u00e7\u00e3o de administradores, quando \u00e9 feito em ato separado;<\/span><\/p>\n<p style=\"text-align: justify;\"><span style=\"font-family: arial, helvetica, sans-serif;\">Destitui\u00e7\u00e3o de administradores;<\/span><\/p>\n<p style=\"text-align: justify;\"><span style=\"font-family: arial, helvetica, sans-serif;\">A remunera\u00e7\u00e3o dos s\u00f3cios, quando n\u00e3o previsto no contrato social;<\/span><\/p>\n<p style=\"text-align: justify;\"><span style=\"font-family: arial, helvetica, sans-serif;\">A modifica\u00e7\u00e3o do contrato social;<\/span><\/p>\n<p style=\"text-align: justify;\"><span style=\"font-family: arial, helvetica, sans-serif;\">Incorpora\u00e7\u00e3o, fus\u00e3o e a dissolu\u00e7\u00e3o societ\u00e1ria, ou a cessa\u00e7\u00e3o do estado de liquida\u00e7\u00e3o;<\/span><\/p>\n<p style=\"text-align: justify;\"><span style=\"font-family: arial, helvetica, sans-serif;\">Nomea\u00e7\u00e3o e destitui\u00e7\u00e3o dos liquidantes e o julgamento das suas contas;<\/span><\/p>\n<p style=\"text-align: justify;\"><span style=\"font-family: arial, helvetica, sans-serif;\">Pedido de concordata.<\/span><\/p>\n<p style=\"text-align: justify;\"><span style=\"font-family: arial, helvetica, sans-serif;\">Nesses casos, o rigor da legisla\u00e7\u00e3o deve ser seguido estritamente, e, caso n\u00e3o seja, a penaliza\u00e7\u00e3o ser\u00e1 refazer a reuni\u00e3o dos s\u00f3cios, agora imagina isso para os s\u00f3cios?<\/span><\/p>\n<p style=\"text-align: justify;\"><span style=\"font-family: arial, helvetica, sans-serif;\">Agora para conclamar a reuni\u00e3o dos s\u00f3cios, seguindo estritamente o que diz a legisla\u00e7\u00e3o, existe uma regrinha que voc\u00ea poder\u00e1 ir nos acompanhando, pois tem que fazer publica\u00e7\u00f5es em di\u00e1rio oficial e de grande circula\u00e7\u00e3o, tem momentos que pode ser substitu\u00eddo as publica\u00e7\u00f5es, mas isso veremos na continua\u00e7\u00e3o dessa mat\u00e9ria.<\/span><\/p>\n<p style=\"text-align: justify;\"><span style=\"font-family: arial, helvetica, sans-serif;\"><strong>FONTE: Paralegalweb<\/strong><\/span><\/p>\n","protected":false},"excerpt":{"rendered":"<p>Delibera\u00e7\u00e3o os s\u00f3cios, \u00e9 um assunto que demanda muitas d\u00favidas [&hellip;]<\/p>\n","protected":false},"author":6,"featured_media":0,"comment_status":"closed","ping_status":"open","sticky":false,"template":"","format":"standard","meta":{"jetpack_post_was_ever_published":false,"_jetpack_newsletter_access":"","_jetpack_dont_email_post_to_subs":false,"_jetpack_newsletter_tier_id":0,"_jetpack_memberships_contains_paywalled_content":false,"footnotes":"","_jetpack_memberships_contains_paid_content":false,"jetpack_publicize_message":"","jetpack_publicize_feature_enabled":true,"jetpack_social_post_already_shared":true,"jetpack_social_options":{"image_generator_settings":{"template":"highway","enabled":false}}},"categories":[2],"tags":[],"jetpack_publicize_connections":[],"jetpack_featured_media_url":"","jetpack_sharing_enabled":true,"jetpack_shortlink":"https:\/\/wp.me\/paFpWR-P1","_links":{"self":[{"href":"https:\/\/bonettiassociados.com.br\/index.php\/wp-json\/wp\/v2\/posts\/3163"}],"collection":[{"href":"https:\/\/bonettiassociados.com.br\/index.php\/wp-json\/wp\/v2\/posts"}],"about":[{"href":"https:\/\/bonettiassociados.com.br\/index.php\/wp-json\/wp\/v2\/types\/post"}],"author":[{"embeddable":true,"href":"https:\/\/bonettiassociados.com.br\/index.php\/wp-json\/wp\/v2\/users\/6"}],"replies":[{"embeddable":true,"href":"https:\/\/bonettiassociados.com.br\/index.php\/wp-json\/wp\/v2\/comments?post=3163"}],"version-history":[{"count":1,"href":"https:\/\/bonettiassociados.com.br\/index.php\/wp-json\/wp\/v2\/posts\/3163\/revisions"}],"predecessor-version":[{"id":3164,"href":"https:\/\/bonettiassociados.com.br\/index.php\/wp-json\/wp\/v2\/posts\/3163\/revisions\/3164"}],"wp:attachment":[{"href":"https:\/\/bonettiassociados.com.br\/index.php\/wp-json\/wp\/v2\/media?parent=3163"}],"wp:term":[{"taxonomy":"category","embeddable":true,"href":"https:\/\/bonettiassociados.com.br\/index.php\/wp-json\/wp\/v2\/categories?post=3163"},{"taxonomy":"post_tag","embeddable":true,"href":"https:\/\/bonettiassociados.com.br\/index.php\/wp-json\/wp\/v2\/tags?post=3163"}],"curies":[{"name":"wp","href":"https:\/\/api.w.org\/{rel}","templated":true}]}}