{"id":3153,"date":"2019-06-27T10:41:45","date_gmt":"2019-06-27T13:41:45","guid":{"rendered":"http:\/\/bonettiassociados.com.br\/?p=3153"},"modified":"2019-06-27T10:41:45","modified_gmt":"2019-06-27T13:41:45","slug":"tributos-e-contribuicoes-federais-receita-federal-traz-esclarecimentos-sobre-a-legislacao-tributaria-federal-11","status":"publish","type":"post","link":"https:\/\/bonettiassociados.com.br\/index.php\/2019\/06\/27\/tributos-e-contribuicoes-federais-receita-federal-traz-esclarecimentos-sobre-a-legislacao-tributaria-federal-11\/","title":{"rendered":"TRIBUTOS E CONTRIBUI\u00c7\u00d5ES FEDERAIS &#8211; RECEITA FEDERAL TRAZ ESCLARECIMENTOS SOBRE A LEGISLA\u00c7\u00c3O TRIBUT\u00c1RIA FEDERAL"},"content":{"rendered":"<p style=\"text-align: justify;\"><span style=\"font-family: arial, helvetica, sans-serif;\">Solu\u00e7\u00f5es de Consulta Cosit n\u00bas 196, 212 e 213\/2019 &#8211; DOU 1 de 27.06.2019.<\/span><!--more--><\/p>\n<p style=\"text-align: justify;\"><span style=\"font-family: arial, helvetica, sans-serif;\">A Secretaria da Receita Federal do Brasil (RFB) divulgou as seguintes normas com esclarecimentos sobre a aplica\u00e7\u00e3o da legisla\u00e7\u00e3o tribut\u00e1ria federal:<\/span><\/p>\n<ol style=\"text-align: justify;\" start=\"9\">\n<li><span style=\"font-family: arial, helvetica, sans-serif;\">a) IRPJ &#8211; Multa por rescis\u00e3o de contrato &#8211; Representa\u00e7\u00e3o comercial &#8211; Indeniza\u00e7\u00e3o &#8211; Incid\u00eancia (Solu\u00e7\u00e3o de Consulta Cosit n\u00ba 196\/2019): a verba paga por pessoa jur\u00eddica a representante comercial aut\u00f4nomo, em virtude de rescis\u00e3o de contrato de representa\u00e7\u00e3o, sujeita-se \u00e0 incid\u00eancia do imposto de renda e \u00e0 sua reten\u00e7\u00e3o na fonte na forma do art. 70 da Lei n\u00ba 9.430\/1996;<\/span><\/li>\n<li><span style=\"font-family: arial, helvetica, sans-serif;\">b) Cofins\/PIS-Pasep &#8211; Regime n\u00e3o cumulativo &#8211; Desconto de cr\u00e9dito sobre servi\u00e7os de carregamento e descarregamento &#8211; Impossibilidade (Solu\u00e7\u00e3o de Consulta Cosit n\u00ba 212\/2019): os servi\u00e7os de carregamento e descarregamento n\u00e3o est\u00e3o inclu\u00eddos no conceito de frete, e os disp\u00eandios com esses servi\u00e7os n\u00e3o permitem apura\u00e7\u00e3o de cr\u00e9ditos da Cofins e da contribui\u00e7\u00e3o para o PIS-Pasep, com base no inciso IX do art. 3\u00ba c\/c o inciso II do art. 15 da Lei n\u00ba 10.833\/2003;<\/span><\/li>\n<li><span style=\"font-family: arial, helvetica, sans-serif;\">c) IRPF &#8211; Rendimentos de alugu\u00e9is &#8211; Exclus\u00e3o do IPTU (Solu\u00e7\u00e3o de Consulta Cosit n\u00ba 213\/2019): n\u00e3o integram a base de c\u00e1lculo, para efeitos de incid\u00eancia do Imposto sobre a Renda, as despesas com Imposto sobre a Propriedade Territorial Urbana (IPTU) relativas ao im\u00f3vel locado, desde que incorridas no pr\u00f3prio ano-calend\u00e1rio em que as receitas correspondentes forem auferidas.<\/span><\/li>\n<\/ol>\n<p style=\"text-align: justify;\"><span style=\"font-family: arial, helvetica, sans-serif;\">(Solu\u00e7\u00f5es de Consulta Cosit n\u00bas 196, 212 e 213\/2019 &#8211; DOU 1 de 27.06.2019).<\/span><\/p>\n<p style=\"text-align: justify;\"><span style=\"font-family: arial, helvetica, sans-serif;\"><strong>FONTE: Editorial IOB<\/strong><\/span><\/p>\n","protected":false},"excerpt":{"rendered":"<p>Solu\u00e7\u00f5es de Consulta Cosit n\u00bas 196, 212 e 213\/2019 &#8211; [&hellip;]<\/p>\n","protected":false},"author":6,"featured_media":0,"comment_status":"closed","ping_status":"open","sticky":false,"template":"","format":"standard","meta":{"jetpack_post_was_ever_published":false,"_jetpack_newsletter_access":"","_jetpack_dont_email_post_to_subs":false,"_jetpack_newsletter_tier_id":0,"_jetpack_memberships_contains_paywalled_content":false,"footnotes":"","_jetpack_memberships_contains_paid_content":false,"jetpack_publicize_message":"","jetpack_publicize_feature_enabled":true,"jetpack_social_post_already_shared":true,"jetpack_social_options":{"image_generator_settings":{"template":"highway","enabled":false}}},"categories":[2],"tags":[],"jetpack_publicize_connections":[],"jetpack_featured_media_url":"","jetpack_sharing_enabled":true,"jetpack_shortlink":"https:\/\/wp.me\/paFpWR-OR","_links":{"self":[{"href":"https:\/\/bonettiassociados.com.br\/index.php\/wp-json\/wp\/v2\/posts\/3153"}],"collection":[{"href":"https:\/\/bonettiassociados.com.br\/index.php\/wp-json\/wp\/v2\/posts"}],"about":[{"href":"https:\/\/bonettiassociados.com.br\/index.php\/wp-json\/wp\/v2\/types\/post"}],"author":[{"embeddable":true,"href":"https:\/\/bonettiassociados.com.br\/index.php\/wp-json\/wp\/v2\/users\/6"}],"replies":[{"embeddable":true,"href":"https:\/\/bonettiassociados.com.br\/index.php\/wp-json\/wp\/v2\/comments?post=3153"}],"version-history":[{"count":1,"href":"https:\/\/bonettiassociados.com.br\/index.php\/wp-json\/wp\/v2\/posts\/3153\/revisions"}],"predecessor-version":[{"id":3154,"href":"https:\/\/bonettiassociados.com.br\/index.php\/wp-json\/wp\/v2\/posts\/3153\/revisions\/3154"}],"wp:attachment":[{"href":"https:\/\/bonettiassociados.com.br\/index.php\/wp-json\/wp\/v2\/media?parent=3153"}],"wp:term":[{"taxonomy":"category","embeddable":true,"href":"https:\/\/bonettiassociados.com.br\/index.php\/wp-json\/wp\/v2\/categories?post=3153"},{"taxonomy":"post_tag","embeddable":true,"href":"https:\/\/bonettiassociados.com.br\/index.php\/wp-json\/wp\/v2\/tags?post=3153"}],"curies":[{"name":"wp","href":"https:\/\/api.w.org\/{rel}","templated":true}]}}