{"id":3143,"date":"2019-06-27T10:33:55","date_gmt":"2019-06-27T13:33:55","guid":{"rendered":"http:\/\/bonettiassociados.com.br\/?p=3143"},"modified":"2019-06-27T10:33:55","modified_gmt":"2019-06-27T13:33:55","slug":"novo-calendario-seminario-de-simplificacao-do-esocial","status":"publish","type":"post","link":"https:\/\/bonettiassociados.com.br\/index.php\/2019\/06\/27\/novo-calendario-seminario-de-simplificacao-do-esocial\/","title":{"rendered":"NOVO CALEND\u00c1RIO: SEMIN\u00c1RIO DE SIMPLIFICA\u00c7\u00c3O DO ESOCIAL"},"content":{"rendered":"<p style=\"text-align: justify;\"><span style=\"font-family: arial, helvetica, sans-serif;\">Representantes dos entes envolvidos com o eSocial participaram de Semin\u00e1rio em Bras\u00edlia para debaterem a simplifica\u00e7\u00e3o do eSocial. Encontro faz parte do esfor\u00e7o de simplifica\u00e7\u00e3o previsto na Portaria n\u00ba 300, de 13 de junho de 2019.<\/span><!--more--><\/p>\n<p style=\"text-align: justify;\"><span style=\"font-family: arial, helvetica, sans-serif;\">Aconteceu em Bras\u00edlia de 16 a 19 de junho, na ENAP &#8211; Escola Nacional de Administra\u00e7\u00e3o P\u00fablica, um encontro entre representantes dos entes envolvidos com o eSocial para que fossem definidas as mudan\u00e7as previstas para a simplifica\u00e7\u00e3o da plataforma.<\/span><\/p>\n<p style=\"text-align: justify;\"><span style=\"font-family: arial, helvetica, sans-serif;\">Estava na pauta dos debatedores a revis\u00e3o de todo o leiaute, de forma a eliminar informa\u00e7\u00f5es redundantes ou que j\u00e1 constem nas bases dos \u00f3rg\u00e3os; a otimiza\u00e7\u00e3o dos eventos, com a exclus\u00e3o de campos; e a melhoria dos m\u00f3dulos web, de acordo com pesquisas feitas com usu\u00e1rios, com foco na usabilidade e facilidade.<\/span><\/p>\n<p style=\"text-align: justify;\"><span style=\"font-family: arial, helvetica, sans-serif;\">Tamb\u00e9m foi tratada a substitui\u00e7\u00e3o das obriga\u00e7\u00f5es, com o intuito de identificar os pontos que precisam ser resolvidos de maneira a acelerar o processo.<\/span><\/p>\n<p style=\"text-align: justify;\"><span style=\"font-family: arial, helvetica, sans-serif;\">Como resultado preliminar j\u00e1 foram decididas as seguintes altera\u00e7\u00f5es:<\/span><\/p>\n<p style=\"text-align: justify;\"><span style=\"font-family: arial, helvetica, sans-serif;\">Dos 38 eventos obrigat\u00f3rios no eSocial para as empresas, ao menos 10 ser\u00e3o permanentemente eliminados e muitos dos quase dois mil campos exigidos tamb\u00e9m ser\u00e3o exclu\u00eddos.<\/span><\/p>\n<p style=\"text-align: justify;\"><span style=\"font-family: arial, helvetica, sans-serif;\">No evento de admiss\u00e3o, muitos campos antes facultativos, mas que geram d\u00favida no preenchimento, ser\u00e3o eliminados, como os grupos de CNH, CTPS, RIC, RG, NIS e RNE.<\/span><\/p>\n<p style=\"text-align: justify;\"><span style=\"font-family: arial, helvetica, sans-serif;\">No cadastro empresarial e de estabelecimentos ser\u00e3o exclu\u00eddas as informa\u00e7\u00f5es de raz\u00e3o social, indicativos de cumprimento de cotas de aprendizagem e PCD, indicativo de ser empresa de trabalho tempor\u00e1rio, modalidade de registro de ponto, entre outros.<\/span><\/p>\n<p style=\"text-align: justify;\"><span style=\"font-family: arial, helvetica, sans-serif;\">Em acr\u00e9scimo \u00e0 elimina\u00e7\u00e3o de campos, ser\u00e3o retiradas muitas regras de valida\u00e7\u00e3o, para facilitar a presta\u00e7\u00e3o da informa\u00e7\u00e3o.<\/span><\/p>\n<p style=\"text-align: justify;\"><span style=\"font-family: arial, helvetica, sans-serif;\">CRONOGRAMA<\/span><\/p>\n<p style=\"text-align: justify;\"><span style=\"font-family: arial, helvetica, sans-serif;\">Foi definida a prorroga\u00e7\u00e3o por mais 06 (seis) meses para in\u00edcio da obrigatoriedade de envio dos eventos peri\u00f3dicos para as empresas constantes no Grupo 3 e de todos os eventos de SST &#8211; Seguran\u00e7a e Sa\u00fade no Trabalho. Veja as novas datas:<\/span><\/p>\n<p style=\"text-align: justify;\">\n<table width=\"0\">\n<tbody>\n<tr>\n<td width=\"217\"><span style=\"font-family: arial, helvetica, sans-serif;\"><strong>Evento<\/strong><\/span><\/td>\n<td width=\"227\"><span style=\"font-family: arial, helvetica, sans-serif;\"><strong>Nova data de obrigatoriedade<\/strong><\/span><\/td>\n<\/tr>\n<tr>\n<td width=\"217\"><span style=\"font-family: arial, helvetica, sans-serif;\">Eventos peri\u00f3dicos &#8211; Grupo 3<\/span><\/td>\n<td rowspan=\"2\" width=\"227\"><span style=\"font-family: arial, helvetica, sans-serif;\">Janeiro\/2020<\/span><\/td>\n<\/tr>\n<tr>\n<td width=\"217\"><span style=\"font-family: arial, helvetica, sans-serif;\">Eventos de SST \u2013\u00a0 Grupo 1<\/span><\/td>\n<\/tr>\n<tr>\n<td width=\"217\"><span style=\"font-family: arial, helvetica, sans-serif;\">Eventos de SST \u2013\u00a0 Grupo 2<\/span><\/td>\n<td width=\"227\"><span style=\"font-family: arial, helvetica, sans-serif;\">Julho\/2020<\/span><\/td>\n<\/tr>\n<tr>\n<td width=\"217\"><span style=\"font-family: arial, helvetica, sans-serif;\">Eventos de SST \u2013\u00a0 Grupo 3<\/span><\/td>\n<td width=\"227\"><span style=\"font-family: arial, helvetica, sans-serif;\">Janeiro\/2021<\/span><\/td>\n<\/tr>\n<\/tbody>\n<\/table>\n<p style=\"text-align: justify;\">\n<p style=\"text-align: justify;\"><span style=\"font-family: arial, helvetica, sans-serif;\">A publica\u00e7\u00e3o do novo calend\u00e1rio dever\u00e1 ocorrer ap\u00f3s o dia 28 de junho, quando passa a vigorar a nova composi\u00e7\u00e3o do Comit\u00ea Gestor do eSocial, conforme Portaria n\u00ba 300, de 2019.<\/span><\/p>\n<p style=\"text-align: justify;\"><span style=\"font-family: arial, helvetica, sans-serif;\"><strong>FONTE: Portal eSocial<\/strong><\/span><\/p>\n","protected":false},"excerpt":{"rendered":"<p>Representantes dos entes envolvidos com o eSocial participaram de Semin\u00e1rio [&hellip;]<\/p>\n","protected":false},"author":6,"featured_media":0,"comment_status":"closed","ping_status":"open","sticky":false,"template":"","format":"standard","meta":{"jetpack_post_was_ever_published":false,"_jetpack_newsletter_access":"","_jetpack_dont_email_post_to_subs":false,"_jetpack_newsletter_tier_id":0,"_jetpack_memberships_contains_paywalled_content":false,"footnotes":"","_jetpack_memberships_contains_paid_content":false,"jetpack_publicize_message":"","jetpack_publicize_feature_enabled":true,"jetpack_social_post_already_shared":true,"jetpack_social_options":{"image_generator_settings":{"template":"highway","enabled":false}}},"categories":[2],"tags":[],"jetpack_publicize_connections":[],"jetpack_featured_media_url":"","jetpack_sharing_enabled":true,"jetpack_shortlink":"https:\/\/wp.me\/paFpWR-OH","_links":{"self":[{"href":"https:\/\/bonettiassociados.com.br\/index.php\/wp-json\/wp\/v2\/posts\/3143"}],"collection":[{"href":"https:\/\/bonettiassociados.com.br\/index.php\/wp-json\/wp\/v2\/posts"}],"about":[{"href":"https:\/\/bonettiassociados.com.br\/index.php\/wp-json\/wp\/v2\/types\/post"}],"author":[{"embeddable":true,"href":"https:\/\/bonettiassociados.com.br\/index.php\/wp-json\/wp\/v2\/users\/6"}],"replies":[{"embeddable":true,"href":"https:\/\/bonettiassociados.com.br\/index.php\/wp-json\/wp\/v2\/comments?post=3143"}],"version-history":[{"count":1,"href":"https:\/\/bonettiassociados.com.br\/index.php\/wp-json\/wp\/v2\/posts\/3143\/revisions"}],"predecessor-version":[{"id":3144,"href":"https:\/\/bonettiassociados.com.br\/index.php\/wp-json\/wp\/v2\/posts\/3143\/revisions\/3144"}],"wp:attachment":[{"href":"https:\/\/bonettiassociados.com.br\/index.php\/wp-json\/wp\/v2\/media?parent=3143"}],"wp:term":[{"taxonomy":"category","embeddable":true,"href":"https:\/\/bonettiassociados.com.br\/index.php\/wp-json\/wp\/v2\/categories?post=3143"},{"taxonomy":"post_tag","embeddable":true,"href":"https:\/\/bonettiassociados.com.br\/index.php\/wp-json\/wp\/v2\/tags?post=3143"}],"curies":[{"name":"wp","href":"https:\/\/api.w.org\/{rel}","templated":true}]}}