{"id":3128,"date":"2019-06-26T10:49:55","date_gmt":"2019-06-26T13:49:55","guid":{"rendered":"http:\/\/bonettiassociados.com.br\/?p=3128"},"modified":"2019-06-26T10:49:55","modified_gmt":"2019-06-26T13:49:55","slug":"tributos-e-contribuicoes-federais-receita-federal-traz-esclarecimentos-sobre-a-legislacao-tributaria-federal-10","status":"publish","type":"post","link":"https:\/\/bonettiassociados.com.br\/index.php\/2019\/06\/26\/tributos-e-contribuicoes-federais-receita-federal-traz-esclarecimentos-sobre-a-legislacao-tributaria-federal-10\/","title":{"rendered":"TRIBUTOS E CONTRIBUI\u00c7\u00d5ES FEDERAIS &#8211; RECEITA FEDERAL TRAZ ESCLARECIMENTOS SOBRE A LEGISLA\u00c7\u00c3O TRIBUT\u00c1RIA FEDERAL"},"content":{"rendered":"<p style=\"text-align: justify;\"><span style=\"font-family: arial, helvetica, sans-serif;\">Solu\u00e7\u00f5es de Consulta Cosit n\u00bas 203, 204, 205, 206, 207 e 211\/2019 &#8211; DOU 1 de 26.06.2019.<\/span><!--more--><\/p>\n<p style=\"text-align: justify;\"><span style=\"font-family: arial, helvetica, sans-serif;\">A Secretaria da Receita Federal do Brasil (RFB) divulgou as seguintes normas com esclarecimentos sobre a aplica\u00e7\u00e3o da legisla\u00e7\u00e3o tribut\u00e1ria federal:<\/span><\/p>\n<ol style=\"text-align: justify;\">\n<li><span style=\"font-family: arial, helvetica, sans-serif;\">a) Cofins\/PIS-Pasep &#8211; Indeniza\u00e7\u00e3o de seguro &#8211; Incid\u00eancia e direito a cr\u00e9dito das contribui\u00e7\u00f5es &#8211; Esclarecimentos (Solu\u00e7\u00e3o de Consulta Cosit n\u00ba 203\/2019): a indeniza\u00e7\u00e3o destinada a reparar dano patrimonial decorrente do sinistro de bem do ativo imobilizado sujeita-se integralmente \u00e0 incid\u00eancia da contribui\u00e7\u00e3o para o PIS-Pasep e da Cofins n\u00e3o cumulativa. A apura\u00e7\u00e3o de cr\u00e9ditos das referidas contribui\u00e7\u00f5es:<\/span><\/li>\n<\/ol>\n<p style=\"text-align: justify;\"><span style=\"font-family: arial, helvetica, sans-serif;\">a.1) relativas a bens do ativo imobilizado que venham a sofrer sinistro, deve ser interrompida a partir de sua baixa, devendo-se levar em considera\u00e7\u00e3o o modo de apura\u00e7\u00e3o que foi adotado para tais cr\u00e9ditos;<\/span><\/p>\n<p style=\"text-align: justify;\"><span style=\"font-family: arial, helvetica, sans-serif;\">a.2) apurados at\u00e9 a data da baixa de bem do ativo imobilizado que tenha sofrido sinistro, pode ser mantida;<\/span><\/p>\n<p style=\"text-align: justify;\"><span style=\"font-family: arial, helvetica, sans-serif;\">a.3) \u00e9 poss\u00edvel em rela\u00e7\u00e3o \u00e0 aquisi\u00e7\u00e3o de bem do ativo imobilizado, adquirido como reposi\u00e7\u00e3o de bem sinistrado com recursos provenientes da indeniza\u00e7\u00e3o paga por seguradora;<\/span><\/p>\n<ol style=\"text-align: justify;\">\n<li><span style=\"font-family: arial, helvetica, sans-serif;\">b) IRPJ\/CSL &#8211; Avalia\u00e7\u00e3o pelo m\u00e9todo da equival\u00eancia patrimonial &#8211; Investidora tributada pelo lucro presumido (Solu\u00e7\u00e3o de Consulta Cosit n\u00ba 204\/2019): as participa\u00e7\u00f5es no capital de outras sociedades ser\u00e3o avaliadas pelo M\u00e9todo da Equival\u00eancia Patrimonial nas hip\u00f3teses previstas pela legisla\u00e7\u00e3o societ\u00e1ria, ainda que a investidora seja pessoa jur\u00eddica tributada com base no lucro presumido;<\/span><\/li>\n<li><span style=\"font-family: arial, helvetica, sans-serif;\">c) IRPJ\/CSL &#8211; Despesas operacionais &#8211; Bonifica\u00e7\u00f5es comerciais concedidas &#8211; Dedutibilidade (Solu\u00e7\u00f5es de Consulta Cosit n\u00bas 205 e 211\/2019): a concess\u00e3o de bonifica\u00e7\u00f5es em opera\u00e7\u00f5es de natureza mercantil, com o fito de manter fidelidade comercial e ampliar mercado, visando ao aumento de vendas e possivelmente do lucro, \u00e9 considerada despesa operacional dedut\u00edvel, devendo, entretanto, as bonifica\u00e7\u00f5es concedidas guardarem estrita conson\u00e2ncia com as opera\u00e7\u00f5es mercantis que lhes originaram. As despesas com bonifica\u00e7\u00f5es comerciais concedidas a clientes s\u00e3o dedut\u00edveis no per\u00edodo em que incorridas, com observ\u00e2ncia do regime de compet\u00eancia;<\/span><\/li>\n<li><span style=\"font-family: arial, helvetica, sans-serif;\">d) IRRF &#8211; Rendimentos Recebidos Acumuladamente (RRA) relativos a anos-calend\u00e1rio anteriores ao do recebimento e em curso &#8211; Benef\u00edcio de aposentadoria complementar (Solu\u00e7\u00e3o de Consulta Cosit n\u00ba 206\/2019): fica esclarecido que:<\/span><\/li>\n<\/ol>\n<p style=\"text-align: justify;\"><span style=\"font-family: arial, helvetica, sans-serif;\">d.1) os rendimentos recebidos acumuladamente referentes a benef\u00edcios de aposentadoria complementar pagos a contribuintes com idade a partir de 65 anos e submetidos \u00e0 incid\u00eancia do imposto sobre a renda com base na tabela progressiva, quando correspondentes a anos-calend\u00e1rio anteriores ao do recebimento, ser\u00e3o tributados exclusivamente na fonte, no m\u00eas do recebimento ou cr\u00e9dito, em separado dos demais rendimentos recebidos no m\u00eas, e n\u00e3o poder\u00e3o se beneficiar da parcela de isen\u00e7\u00e3o prevista no art. 6\u00ba , inciso XV, da Lei n\u00ba 7.713\/1988 ;<\/span><\/p>\n<p style=\"text-align: justify;\"><span style=\"font-family: arial, helvetica, sans-serif;\">d.2) caso o contribuinte opte por incluir, na base de c\u00e1lculo do imposto sobre a renda na Declara\u00e7\u00e3o de Ajuste Anual do ano-calend\u00e1rio do recebimento, o total dos rendimentos recebidos acumuladamente referentes a benef\u00edcios de aposentadoria complementar pagos a contribuintes com idade a partir de 65 anos, correspondentes a anos-calend\u00e1rio anteriores ao do recebimento, conforme disposto no \u00a7 5\u00ba do art. 12-A da Lei n\u00ba 7.713\/1988 , pode beneficiar-se da isen\u00e7\u00e3o prevista no art. 6\u00ba , inciso XV, da Lei n\u00ba 7.713\/1988 , no m\u00eas do recebimento;<\/span><\/p>\n<p style=\"text-align: justify;\"><span style=\"font-family: arial, helvetica, sans-serif;\">d.3) quanto aos RRA relativos ao ano-calend\u00e1rio em curso (art. 12-B da Lei n\u00ba 7.713\/1988 ), a regra a ser aplicada \u00e9 a da tabela progressiva do m\u00eas do recebimento dos RRA, cuja incid\u00eancia ocorre sobre o montante referente \u00e0 soma dos meses componentes do pr\u00f3prio ano-calend\u00e1rio, sem qualquer multiplica\u00e7\u00e3o daquela tabela, aplicando a isen\u00e7\u00e3o prevista no art. 6\u00ba , inciso XV, da Lei n\u00ba 7.713\/1988 , no recebimento, quando referentes a benef\u00edcios de aposentadoria complementar pagos a contribuintes com idade a partir de 65 anos;<\/span><\/p>\n<ol style=\"text-align: justify;\" start=\"10\">\n<li><span style=\"font-family: arial, helvetica, sans-serif;\">e) Cofins\/PIS-Pasep &#8211; Vale-ped\u00e1gio &#8211; Apura\u00e7\u00e3o de cr\u00e9dito (Solu\u00e7\u00e3o de Consulta Cosit n\u00ba 207\/2019): tratando-se de pessoa jur\u00eddica que tenha como atividade o transporte rodovi\u00e1rio de cargas e que esteja submetida ao regime de apura\u00e7\u00e3o n\u00e3o cumulativa das contribui\u00e7\u00f5es para o PIS-Pasep e da Cofins, os gastos com vale-ped\u00e1gio suportados pela pr\u00f3pria transportadora podem ser considerados insumos para a presta\u00e7\u00e3o do servi\u00e7o de transporte de cargas, permitindo a apura\u00e7\u00e3o do cr\u00e9dito previsto no inciso II do art. 3\u00ba da Lei n\u00ba 10.833\/2003 . Nessa hip\u00f3tese, \u00e9 vedada a exclus\u00e3o da base de c\u00e1lculo da contribui\u00e7\u00e3o apurada pela transportadora dos valores relativos aos disp\u00eandios com aquisi\u00e7\u00e3o de vale-ped\u00e1gio, pois n\u00e3o se amoldam \u00e0 previs\u00e3o do art. 2\u00ba da Lei n\u00ba 10.209\/2001.<\/span><\/li>\n<\/ol>\n<p style=\"text-align: justify;\"><span style=\"font-family: arial, helvetica, sans-serif;\">(Solu\u00e7\u00f5es de Consulta Cosit n\u00bas 203, 204, 205, 206, 207 e 211\/2019 &#8211; DOU 1 de 26.06.2019)<\/span><\/p>\n<p style=\"text-align: justify;\"><span style=\"font-family: arial, helvetica, sans-serif;\"><strong>FONTE: Editorial IOB<\/strong><\/span><\/p>\n","protected":false},"excerpt":{"rendered":"<p>Solu\u00e7\u00f5es de Consulta Cosit n\u00bas 203, 204, 205, 206, 207 [&hellip;]<\/p>\n","protected":false},"author":6,"featured_media":0,"comment_status":"closed","ping_status":"open","sticky":false,"template":"","format":"standard","meta":{"jetpack_post_was_ever_published":false,"_jetpack_newsletter_access":"","_jetpack_dont_email_post_to_subs":false,"_jetpack_newsletter_tier_id":0,"_jetpack_memberships_contains_paywalled_content":false,"footnotes":"","_jetpack_memberships_contains_paid_content":false,"jetpack_publicize_message":"","jetpack_publicize_feature_enabled":true,"jetpack_social_post_already_shared":true,"jetpack_social_options":{"image_generator_settings":{"template":"highway","enabled":false}}},"categories":[2],"tags":[],"jetpack_publicize_connections":[],"jetpack_featured_media_url":"","jetpack_sharing_enabled":true,"jetpack_shortlink":"https:\/\/wp.me\/paFpWR-Os","_links":{"self":[{"href":"https:\/\/bonettiassociados.com.br\/index.php\/wp-json\/wp\/v2\/posts\/3128"}],"collection":[{"href":"https:\/\/bonettiassociados.com.br\/index.php\/wp-json\/wp\/v2\/posts"}],"about":[{"href":"https:\/\/bonettiassociados.com.br\/index.php\/wp-json\/wp\/v2\/types\/post"}],"author":[{"embeddable":true,"href":"https:\/\/bonettiassociados.com.br\/index.php\/wp-json\/wp\/v2\/users\/6"}],"replies":[{"embeddable":true,"href":"https:\/\/bonettiassociados.com.br\/index.php\/wp-json\/wp\/v2\/comments?post=3128"}],"version-history":[{"count":1,"href":"https:\/\/bonettiassociados.com.br\/index.php\/wp-json\/wp\/v2\/posts\/3128\/revisions"}],"predecessor-version":[{"id":3129,"href":"https:\/\/bonettiassociados.com.br\/index.php\/wp-json\/wp\/v2\/posts\/3128\/revisions\/3129"}],"wp:attachment":[{"href":"https:\/\/bonettiassociados.com.br\/index.php\/wp-json\/wp\/v2\/media?parent=3128"}],"wp:term":[{"taxonomy":"category","embeddable":true,"href":"https:\/\/bonettiassociados.com.br\/index.php\/wp-json\/wp\/v2\/categories?post=3128"},{"taxonomy":"post_tag","embeddable":true,"href":"https:\/\/bonettiassociados.com.br\/index.php\/wp-json\/wp\/v2\/tags?post=3128"}],"curies":[{"name":"wp","href":"https:\/\/api.w.org\/{rel}","templated":true}]}}