{"id":2622,"date":"2019-05-28T16:20:50","date_gmt":"2019-05-28T19:20:50","guid":{"rendered":"http:\/\/bonettiassociados.com.br\/?p=2622"},"modified":"2019-05-28T16:20:50","modified_gmt":"2019-05-28T19:20:50","slug":"mei-tem-ate-31-de-maio-para-entregar-declaracao-anual-relativa-a-2018","status":"publish","type":"post","link":"https:\/\/bonettiassociados.com.br\/index.php\/2019\/05\/28\/mei-tem-ate-31-de-maio-para-entregar-declaracao-anual-relativa-a-2018\/","title":{"rendered":"MEI TEM AT\u00c9 31 DE MAIO PARA ENTREGAR DECLARA\u00c7\u00c3O ANUAL RELATIVA A 2018"},"content":{"rendered":"<p style=\"text-align: justify;\"><span style=\"font-family: arial, helvetica, sans-serif;\">O Microempreendedor Individual\u00a0<a href=\"https:\/\/www.contabeis.com.br\/termos-contabeis\/mei\/\">(MEI)<\/a>\u00a0tem at\u00e9 o dia 31 de maio para entregar a Declara\u00e7\u00e3o Anual do\u00a0<a href=\"https:\/\/www.contabeis.com.br\/termos-contabeis\/simples_nacional\/\">Simples Nacional<\/a> relativa ao exerc\u00edcio de 2018. A obriga\u00e7\u00e3o \u00e9 v\u00e1lida at\u00e9 para as empresas que tenham sido encerradas ao longo do ano passado. O\u00a0<a href=\"https:\/\/www.contabeis.com.br\/termos-contabeis\/mei\/\">MEI<\/a>\u00a0que n\u00e3o declarar seus rendimentos em 2018 estar\u00e1 sujeito a uma multa no valor m\u00ednimo de R$ 50 ou de 2% ao m\u00eas ou fra\u00e7\u00e3o, incidentes sobre os tributos decorrentes das informa\u00e7\u00f5es prestadas na declara\u00e7\u00e3o. Caso a multa seja paga em at\u00e9 30 dias, h\u00e1 redu\u00e7\u00e3o de 50% no valor.<\/span><!--more--><\/p>\n<p style=\"text-align: justify;\"><span style=\"font-family: arial, helvetica, sans-serif;\">Para fazer a declara\u00e7\u00e3o anual, o\u00a0<a href=\"https:\/\/www.contabeis.com.br\/termos-contabeis\/mei\/\">MEI<\/a>\u00a0deve entrar na p\u00e1gina do Portal do Empreendedor e seguir as orienta\u00e7\u00f5es de como proceder, na aba de servi\u00e7os, e em seguida &#8220;Fa\u00e7a sua declara\u00e7\u00e3o anual de faturamento&#8221;. O\u00a0<a href=\"https:\/\/www.contabeis.com.br\/termos-contabeis\/mei\/\">MEI<\/a>\u00a0precisa enviar \u00e0 Receita Federal o total do faturamento do ano anterior, discriminando as vendas realizadas com ou sem emiss\u00e3o de documento fiscal. Existe um modelo de relat\u00f3rio dispon\u00edvel para download no mesmo link &#8220;Fa\u00e7a sua declara\u00e7\u00e3o anual de faturamento&#8221;.<\/span><\/p>\n<p style=\"text-align: justify;\"><strong><span style=\"font-family: arial, helvetica, sans-serif;\"><u>Fonte: Cont\u00e1beis \u2013 Charlers Insfran<\/u><\/span><\/strong><\/p>\n","protected":false},"excerpt":{"rendered":"<p>O Microempreendedor Individual\u00a0(MEI)\u00a0tem at\u00e9 o dia 31 de maio para [&hellip;]<\/p>\n","protected":false},"author":6,"featured_media":0,"comment_status":"closed","ping_status":"open","sticky":false,"template":"","format":"standard","meta":{"jetpack_post_was_ever_published":false,"_jetpack_newsletter_access":"","_jetpack_dont_email_post_to_subs":false,"_jetpack_newsletter_tier_id":0,"_jetpack_memberships_contains_paywalled_content":false,"footnotes":"","_jetpack_memberships_contains_paid_content":false,"jetpack_publicize_message":"","jetpack_publicize_feature_enabled":true,"jetpack_social_post_already_shared":true,"jetpack_social_options":{"image_generator_settings":{"template":"highway","enabled":false}}},"categories":[2],"tags":[],"jetpack_publicize_connections":[],"jetpack_featured_media_url":"","jetpack_sharing_enabled":true,"jetpack_shortlink":"https:\/\/wp.me\/paFpWR-Gi","_links":{"self":[{"href":"https:\/\/bonettiassociados.com.br\/index.php\/wp-json\/wp\/v2\/posts\/2622"}],"collection":[{"href":"https:\/\/bonettiassociados.com.br\/index.php\/wp-json\/wp\/v2\/posts"}],"about":[{"href":"https:\/\/bonettiassociados.com.br\/index.php\/wp-json\/wp\/v2\/types\/post"}],"author":[{"embeddable":true,"href":"https:\/\/bonettiassociados.com.br\/index.php\/wp-json\/wp\/v2\/users\/6"}],"replies":[{"embeddable":true,"href":"https:\/\/bonettiassociados.com.br\/index.php\/wp-json\/wp\/v2\/comments?post=2622"}],"version-history":[{"count":1,"href":"https:\/\/bonettiassociados.com.br\/index.php\/wp-json\/wp\/v2\/posts\/2622\/revisions"}],"predecessor-version":[{"id":2623,"href":"https:\/\/bonettiassociados.com.br\/index.php\/wp-json\/wp\/v2\/posts\/2622\/revisions\/2623"}],"wp:attachment":[{"href":"https:\/\/bonettiassociados.com.br\/index.php\/wp-json\/wp\/v2\/media?parent=2622"}],"wp:term":[{"taxonomy":"category","embeddable":true,"href":"https:\/\/bonettiassociados.com.br\/index.php\/wp-json\/wp\/v2\/categories?post=2622"},{"taxonomy":"post_tag","embeddable":true,"href":"https:\/\/bonettiassociados.com.br\/index.php\/wp-json\/wp\/v2\/tags?post=2622"}],"curies":[{"name":"wp","href":"https:\/\/api.w.org\/{rel}","templated":true}]}}