{"id":2597,"date":"2019-05-27T11:25:37","date_gmt":"2019-05-27T14:25:37","guid":{"rendered":"http:\/\/bonettiassociados.com.br\/?p=2597"},"modified":"2019-05-27T11:25:37","modified_gmt":"2019-05-27T14:25:37","slug":"trt-rj-abre-semana-nacional-da-conciliacao-trabalhista-nesta-segunda","status":"publish","type":"post","link":"https:\/\/bonettiassociados.com.br\/index.php\/2019\/05\/27\/trt-rj-abre-semana-nacional-da-conciliacao-trabalhista-nesta-segunda\/","title":{"rendered":"TRT-RJ ABRE SEMANA NACIONAL DA CONCILIA\u00c7\u00c3O TRABALHISTA NESTA SEGUNDA"},"content":{"rendered":"<p style=\"text-align: justify;\"><span style=\"font-family: arial, helvetica, sans-serif;\">Ter\u00e1 in\u00edcio nesta segunda-feira (27\/5) a 5\u00aa Semana Nacional da Concilia\u00e7\u00e3o Trabalhista, organizada pelo Conselho Superior da Justi\u00e7a do Trabalho (CSJT). Est\u00e3o previstas diversas a\u00e7\u00f5es nos Tribunais Regionais do Trabalho de todos os estados do Brasil. A abertura oficial do evento ocorrer\u00e1 \u00e0s 9h, no Tribunal Regional do Trabalho da 1\u00aa Regi\u00e3o, no centro do Rio de Janeiro, e contar\u00e1 com a presen\u00e7a do vice-presidente do CSJT e do Tribunal Superior do Trabalho, ministro Renato de Lacerda Paiva.<\/span><!--more--><\/p>\n<p style=\"text-align: justify;\"><span style=\"font-family: arial, helvetica, sans-serif;\">A Semana Nacional da Concilia\u00e7\u00e3o Trabalhista tem o objetivo de proporcionar, por meio de solu\u00e7\u00e3o amig\u00e1vel, mais rapidez ao encerramento de conflitos trabalhistas. Durante o evento, a Justi\u00e7a do Trabalho soma esfor\u00e7os para ampliar o n\u00famero de audi\u00eancias entre empregadores e empregados, buscando alcan\u00e7ar o maior n\u00famero poss\u00edvel de acordos.<\/span><\/p>\n<p style=\"text-align: justify;\"><span style=\"font-family: arial, helvetica, sans-serif;\">Segundo o ministro Renato de Lacerda Paiva, que tamb\u00e9m \u00e9 coordenador da Comiss\u00e3o Nacional de Promo\u00e7\u00e3o \u00e0 Concilia\u00e7\u00e3o da Justi\u00e7a do Trabalho, o Judici\u00e1rio Trabalhista sempre teve em sua ess\u00eancia essa natureza mediadora. \u201cA solu\u00e7\u00e3o amig\u00e1vel dos conflitos trabalhistas \u00e9 a forma mais r\u00e1pida, vantajosa e moderna para a solu\u00e7\u00e3o dos lit\u00edgios\u201d, acredita.<\/span><\/p>\n<p style=\"text-align: justify;\"><span style=\"font-family: arial, helvetica, sans-serif;\">Negocia\u00e7\u00e3o direta<\/span><\/p>\n<p style=\"text-align: justify;\"><span style=\"font-family: arial, helvetica, sans-serif;\">Durante os cinco dias da Semana Nacional da Concilia\u00e7\u00e3o Trabalhista, o TRT-1 vai promover aproximadamente 800 audi\u00eancias de concilia\u00e7\u00e3o no Cejusc, em 1\u00aa e 2\u00aa inst\u00e2ncias. A audi\u00eancia \u00e9 a possibilidade de as partes negociarem, na presen\u00e7a do juiz, uma forma adequada para que o d\u00e9bito trabalhista seja quitado de modo r\u00e1pido e eficaz, beneficiando o empregado e evitando que se prejudique o funcionamento da empresa.<\/span><\/p>\n<p style=\"text-align: justify;\"><span style=\"font-family: arial, helvetica, sans-serif;\">De acordo com o juiz M\u00facio Borges, coordenador do Cejusc de 1\u00aa inst\u00e2ncia do TRT-1, a media\u00e7\u00e3o e a concilia\u00e7\u00e3o s\u00e3o instrumentos indispens\u00e1veis para abreviar a possibilidade de o empregado receber suas verbas de car\u00e1ter alimentar, em detrimento de um processo judicial mais demorado e desgastante do que uma media\u00e7\u00e3o. \u201cO objetivo final da concilia\u00e7\u00e3o \u00e9 a celeridade processual e a efetividade da justi\u00e7a\u201d, afirma.<\/span><\/p>\n<p style=\"text-align: justify;\"><span style=\"font-family: arial, helvetica, sans-serif;\">A\u00e7\u00f5es no RJ<\/span><\/p>\n<p style=\"text-align: justify;\"><span style=\"font-family: arial, helvetica, sans-serif;\">Al\u00e9m de sediar a abertura da 5\u00aa Semana Nacional da Concilia\u00e7\u00e3o Trabalhista, o TRT-1 vai inaugurar as novas instala\u00e7\u00f5es do Centro Judici\u00e1rio de Solu\u00e7\u00e3o de Conflitos (Cejusc), localizado no pr\u00e9dio-sede da Justi\u00e7a do Trabalho (Avenida Presidente Antonio Carlos, 251, centro).<\/span><\/p>\n<p style=\"text-align: justify;\"><span style=\"font-family: arial, helvetica, sans-serif;\">O novo Cejusc do TRT-1 ter\u00e1 aproximadamente 600 metros quadrados e instala\u00e7\u00f5es mais confort\u00e1veis para o p\u00fablico. Ser\u00e1 ampliada a quantidade de salas de audi\u00eancia \u2013 ser\u00e3o 20 no total (hoje s\u00e3o somente quatro). Com informa\u00e7\u00f5es da Assessoria de Imprensa do TRT-1.<\/span><\/p>\n<p style=\"text-align: justify;\"><span style=\"font-family: arial, helvetica, sans-serif;\"><strong>FONTE: Conjur<\/strong><\/span><\/p>\n","protected":false},"excerpt":{"rendered":"<p>Ter\u00e1 in\u00edcio nesta segunda-feira (27\/5) a 5\u00aa Semana Nacional da [&hellip;]<\/p>\n","protected":false},"author":6,"featured_media":0,"comment_status":"closed","ping_status":"open","sticky":false,"template":"","format":"standard","meta":{"jetpack_post_was_ever_published":false,"_jetpack_newsletter_access":"","_jetpack_dont_email_post_to_subs":false,"_jetpack_newsletter_tier_id":0,"_jetpack_memberships_contains_paywalled_content":false,"footnotes":"","_jetpack_memberships_contains_paid_content":false,"jetpack_publicize_message":"","jetpack_publicize_feature_enabled":true,"jetpack_social_post_already_shared":true,"jetpack_social_options":{"image_generator_settings":{"template":"highway","enabled":false}}},"categories":[2],"tags":[],"jetpack_publicize_connections":[],"jetpack_featured_media_url":"","jetpack_sharing_enabled":true,"jetpack_shortlink":"https:\/\/wp.me\/paFpWR-FT","_links":{"self":[{"href":"https:\/\/bonettiassociados.com.br\/index.php\/wp-json\/wp\/v2\/posts\/2597"}],"collection":[{"href":"https:\/\/bonettiassociados.com.br\/index.php\/wp-json\/wp\/v2\/posts"}],"about":[{"href":"https:\/\/bonettiassociados.com.br\/index.php\/wp-json\/wp\/v2\/types\/post"}],"author":[{"embeddable":true,"href":"https:\/\/bonettiassociados.com.br\/index.php\/wp-json\/wp\/v2\/users\/6"}],"replies":[{"embeddable":true,"href":"https:\/\/bonettiassociados.com.br\/index.php\/wp-json\/wp\/v2\/comments?post=2597"}],"version-history":[{"count":1,"href":"https:\/\/bonettiassociados.com.br\/index.php\/wp-json\/wp\/v2\/posts\/2597\/revisions"}],"predecessor-version":[{"id":2598,"href":"https:\/\/bonettiassociados.com.br\/index.php\/wp-json\/wp\/v2\/posts\/2597\/revisions\/2598"}],"wp:attachment":[{"href":"https:\/\/bonettiassociados.com.br\/index.php\/wp-json\/wp\/v2\/media?parent=2597"}],"wp:term":[{"taxonomy":"category","embeddable":true,"href":"https:\/\/bonettiassociados.com.br\/index.php\/wp-json\/wp\/v2\/categories?post=2597"},{"taxonomy":"post_tag","embeddable":true,"href":"https:\/\/bonettiassociados.com.br\/index.php\/wp-json\/wp\/v2\/tags?post=2597"}],"curies":[{"name":"wp","href":"https:\/\/api.w.org\/{rel}","templated":true}]}}