{"id":2595,"date":"2019-05-27T11:24:22","date_gmt":"2019-05-27T14:24:22","guid":{"rendered":"http:\/\/bonettiassociados.com.br\/?p=2595"},"modified":"2019-05-27T11:24:22","modified_gmt":"2019-05-27T14:24:22","slug":"mpt-ajuiza-acoes-contra-sete-bancos-por-credito-a-empresas-lista-suja","status":"publish","type":"post","link":"https:\/\/bonettiassociados.com.br\/index.php\/2019\/05\/27\/mpt-ajuiza-acoes-contra-sete-bancos-por-credito-a-empresas-lista-suja\/","title":{"rendered":"MPT AJU\u00cdZA A\u00c7\u00d5ES CONTRA SETE BANCOS POR CR\u00c9DITO A EMPRESAS &#8220;LISTA SUJA&#8221;"},"content":{"rendered":"<p style=\"text-align: justify;\"><span style=\"font-family: arial, helvetica, sans-serif;\">O Minist\u00e9rio P\u00fablico do Trabalho ingressou com a\u00e7\u00f5es civis p\u00fablicas contra o Banco do Brasil, Bradesco, BTG Pactual, Caixa Econ\u00f4mica Federal, Ita\u00fa, Safra e Santander. Segundo o \u00f3rg\u00e3o, os bancos negligenciaram o risco socioambiental na concess\u00e3o de cr\u00e9dito a neg\u00f3cios relacionados \u00e0 explora\u00e7\u00e3o do trabalho escravo e outras viola\u00e7\u00f5es a direitos humanos.<\/span><!--more--><\/p>\n<p style=\"text-align: justify;\"><span style=\"font-family: arial, helvetica, sans-serif;\">Segundo o MPT, o Bradesco, o Banco do Brasil e o Santander concederam cr\u00e9dito a clientes que figuravam na &#8220;lista suja&#8221; do trabalho escravo do governo federal, o que viola a resolu\u00e7\u00e3o 3.876\/2010 do Conselho Monet\u00e1rio Nacional. Os dois primeiros, de acordo com o MPT, fizeram empr\u00e9stimos repetidas vezes a clientes que estavam na lista de empregadores que submeteram trabalhadores a condi\u00e7\u00f5es an\u00e1logas \u00e0 escravid\u00e3o.<\/span><\/p>\n<p style=\"text-align: justify;\"><span style=\"font-family: arial, helvetica, sans-serif;\">A Caixa, Banco Safra, BTG Pactual e Ita\u00fa s\u00e3o acusados de n\u00e3o adotar quaisquer a\u00e7\u00f5es para identificar, prevenir e controlar os riscos resultantes do trabalho infantil, de mortes no meio ambiente de trabalho, de pr\u00e1ticas discriminat\u00f3rias ou de qualquer outro problema trabalhista grave que atinja direitos fundamentais da pessoa humana.<\/span><\/p>\n<p style=\"text-align: justify;\"><span style=\"font-family: arial, helvetica, sans-serif;\">Segundo o MPT, os tr\u00eas \u00faltimos nunca negaram cr\u00e9dito a qualquer pessoa em raz\u00e3o de risco socioambiental existente, por mais graves que fossem as viola\u00e7\u00f5es praticadas pelo interessado no cr\u00e9dito.<\/span><\/p>\n<p style=\"text-align: justify;\"><span style=\"font-family: arial, helvetica, sans-serif;\">&#8220;Descobriu-se que havia irregularidades, e a maior parte das a\u00e7\u00f5es de responsabilidade socioambiental anunciadas pelas institui\u00e7\u00f5es financeiras n\u00e3o correspondiam \u00e0 realidade, e n\u00e3o eram convertidas em a\u00e7\u00f5es concretas&#8221;, disse o MPT em nota.<\/span><\/p>\n<p style=\"text-align: justify;\"><span style=\"font-family: arial, helvetica, sans-serif;\">Risco socioambiental<\/span><\/p>\n<p style=\"text-align: justify;\"><span style=\"font-family: arial, helvetica, sans-serif;\">O Minist\u00e9rio P\u00fablico do Trabalho pediu que a Justi\u00e7a determine que os bancos passem a identificar o risco socioambiental relacionado a viola\u00e7\u00f5es de direitos humanos, de natureza trabalhista, incluindo trabalho escravo, tr\u00e1fico de seres humanos, trabalho infantil, discrimina\u00e7\u00e3o e ass\u00e9dio moral e sexual.<\/span><\/p>\n<p style=\"text-align: justify;\"><span style=\"font-family: arial, helvetica, sans-serif;\">O MPT pediu ainda que os bancos que passem a inserir em seus contratos, relacionados a concess\u00e3o de cr\u00e9dito e financiamentos, cl\u00e1usulas reconhecendo obriga\u00e7\u00f5es de cunho socioambiental, bem como consequ\u00eancias e san\u00e7\u00f5es para o caso de descumprimento, aplicando puni\u00e7\u00f5es sempre que flagrada a irregularidade.<\/span><\/p>\n<p style=\"text-align: justify;\"><span style=\"font-family: arial, helvetica, sans-serif;\">Em caso de descumprimento da decis\u00e3o da Justi\u00e7a, o MPT pede multa di\u00e1ria de R$ 2 milh\u00f5es a cada um dos bancos.<\/span><\/p>\n<p style=\"text-align: justify;\"><span style=\"font-family: arial, helvetica, sans-serif;\">Pol\u00edticas e normas<\/span><\/p>\n<p style=\"text-align: justify;\"><span style=\"font-family: arial, helvetica, sans-serif;\">Em nota, o Ita\u00fa disse que o respeito aos direitos humanos e normas de sa\u00fade e seguran\u00e7a integram seus princ\u00edpios e valores, \u201cos quais est\u00e3o incorporados em suas pol\u00edticas, procedimentos e treinamentos aos seus colaboradores. Dessa forma, n\u00e3o \u00e9 concedido cr\u00e9dito a clientes que estejam na lista de trabalho escravo ou utilizem m\u00e3o de obra infantil ou prostitui\u00e7\u00e3o\u201d.<\/span><\/p>\n<p style=\"text-align: justify;\"><span style=\"font-family: arial, helvetica, sans-serif;\">A Caixa, o Banco do Brasil, o Santander e o Banco Safra disseram que ainda n\u00e3o foram citados pela Justi\u00e7a e que n\u00e3o t\u00eam como se pronunciar. O BTG Pactual e o Bradesco disseram que n\u00e3o v\u00e3o comentar a a\u00e7\u00e3o do MPT. Com informa\u00e7\u00f5es da Ag\u00eancia Brasil e da Assessoria de Imprensa do MPT.<\/span><\/p>\n<p style=\"text-align: justify;\"><span style=\"font-family: arial, helvetica, sans-serif;\"><strong>FONTE: Conjur<\/strong><\/span><\/p>\n","protected":false},"excerpt":{"rendered":"<p>O Minist\u00e9rio P\u00fablico do Trabalho ingressou com a\u00e7\u00f5es civis p\u00fablicas [&hellip;]<\/p>\n","protected":false},"author":6,"featured_media":0,"comment_status":"closed","ping_status":"open","sticky":false,"template":"","format":"standard","meta":{"jetpack_post_was_ever_published":false,"_jetpack_newsletter_access":"","_jetpack_dont_email_post_to_subs":false,"_jetpack_newsletter_tier_id":0,"_jetpack_memberships_contains_paywalled_content":false,"footnotes":"","_jetpack_memberships_contains_paid_content":false,"jetpack_publicize_message":"","jetpack_publicize_feature_enabled":true,"jetpack_social_post_already_shared":true,"jetpack_social_options":{"image_generator_settings":{"template":"highway","enabled":false}}},"categories":[2],"tags":[],"jetpack_publicize_connections":[],"jetpack_featured_media_url":"","jetpack_sharing_enabled":true,"jetpack_shortlink":"https:\/\/wp.me\/paFpWR-FR","_links":{"self":[{"href":"https:\/\/bonettiassociados.com.br\/index.php\/wp-json\/wp\/v2\/posts\/2595"}],"collection":[{"href":"https:\/\/bonettiassociados.com.br\/index.php\/wp-json\/wp\/v2\/posts"}],"about":[{"href":"https:\/\/bonettiassociados.com.br\/index.php\/wp-json\/wp\/v2\/types\/post"}],"author":[{"embeddable":true,"href":"https:\/\/bonettiassociados.com.br\/index.php\/wp-json\/wp\/v2\/users\/6"}],"replies":[{"embeddable":true,"href":"https:\/\/bonettiassociados.com.br\/index.php\/wp-json\/wp\/v2\/comments?post=2595"}],"version-history":[{"count":1,"href":"https:\/\/bonettiassociados.com.br\/index.php\/wp-json\/wp\/v2\/posts\/2595\/revisions"}],"predecessor-version":[{"id":2596,"href":"https:\/\/bonettiassociados.com.br\/index.php\/wp-json\/wp\/v2\/posts\/2595\/revisions\/2596"}],"wp:attachment":[{"href":"https:\/\/bonettiassociados.com.br\/index.php\/wp-json\/wp\/v2\/media?parent=2595"}],"wp:term":[{"taxonomy":"category","embeddable":true,"href":"https:\/\/bonettiassociados.com.br\/index.php\/wp-json\/wp\/v2\/categories?post=2595"},{"taxonomy":"post_tag","embeddable":true,"href":"https:\/\/bonettiassociados.com.br\/index.php\/wp-json\/wp\/v2\/tags?post=2595"}],"curies":[{"name":"wp","href":"https:\/\/api.w.org\/{rel}","templated":true}]}}