{"id":2526,"date":"2019-05-23T10:37:37","date_gmt":"2019-05-23T13:37:37","guid":{"rendered":"http:\/\/bonettiassociados.com.br\/?p=2526"},"modified":"2019-05-23T10:37:37","modified_gmt":"2019-05-23T13:37:37","slug":"ccj-do-senado-aprova-transformar-protecao-de-dados-em-garantia-individual","status":"publish","type":"post","link":"https:\/\/bonettiassociados.com.br\/index.php\/2019\/05\/23\/ccj-do-senado-aprova-transformar-protecao-de-dados-em-garantia-individual\/","title":{"rendered":"CCJ DO SENADO APROVA TRANSFORMAR PROTE\u00c7\u00c3O DE DADOS EM GARANTIA INDIVIDUAL"},"content":{"rendered":"<p style=\"text-align: justify;\"><span style=\"font-family: arial, helvetica, sans-serif;\">A Comiss\u00e3o de Constitui\u00e7\u00e3o e Justi\u00e7a do Senado aprovou nesta quarta-feira (22\/5) a inclus\u00e3o da prote\u00e7\u00e3o de dados pessoais na lista das garantias fundamentais da Constitui\u00e7\u00e3o Federal. O texto agora segue para o Plen\u00e1rio.<\/span><!--more--><\/p>\n<p style=\"text-align: justify;\"><span style=\"font-family: arial, helvetica, sans-serif;\">Ao defender a aprova\u00e7\u00e3o da proposta, a relatora, senadora Simone Tebet (MDB-MS), comentou que a doutrina e a jurisprud\u00eancia j\u00e1 reconhecem que o direito \u00e0 privacidade vai al\u00e9m da prote\u00e7\u00e3o \u00e0 vida \u00edntima. &#8220;H\u00e1 normas infraconstitucionais, como o Marco Civil da Internet e a sua regulamenta\u00e7\u00e3o (Decreto 8.771, de 2015); e a Lei Geral de Prote\u00e7\u00e3o de Dados, avan\u00e7os que precisariam ser consolidados por essa mudan\u00e7a constitucional&#8221;, afirma.<\/span><\/p>\n<p style=\"text-align: justify;\"><span style=\"font-family: arial, helvetica, sans-serif;\">De autoria do senador Eduardo Gomes (MDB-TO), a proposta afirma que a prote\u00e7\u00e3o de dados pessoais \u00e9 uma continua\u00e7\u00e3o da prote\u00e7\u00e3o da intimidade. Segundo o senador, o projeto segue linha j\u00e1 adotada por diversos pa\u00edses.<\/span><\/p>\n<p style=\"text-align: justify;\"><span style=\"font-family: arial, helvetica, sans-serif;\">&#8220;A privacidade tem sido o ponto de partida de discuss\u00f5es e regula\u00e7\u00f5es dessa natureza, mas j\u00e1 se vislumbra, dadas as suas peculiaridades, uma autonomia valorativa em torno da prote\u00e7\u00e3o de dados pessoais, de maneira, inclusive, a merecer tornar-se um direito constitucionalmente assegurado&#8221;, diz Eduardo Gomes.<\/span><\/p>\n<p style=\"text-align: justify;\"><span style=\"font-family: arial, helvetica, sans-serif;\"><strong>FONTE: Conjur \u2013 Por Gabriela Coelho<\/strong><\/span><\/p>\n","protected":false},"excerpt":{"rendered":"<p>A Comiss\u00e3o de Constitui\u00e7\u00e3o e Justi\u00e7a do Senado aprovou nesta [&hellip;]<\/p>\n","protected":false},"author":6,"featured_media":0,"comment_status":"closed","ping_status":"open","sticky":false,"template":"","format":"standard","meta":{"jetpack_post_was_ever_published":false,"_jetpack_newsletter_access":"","_jetpack_dont_email_post_to_subs":false,"_jetpack_newsletter_tier_id":0,"_jetpack_memberships_contains_paywalled_content":false,"footnotes":"","_jetpack_memberships_contains_paid_content":false,"jetpack_publicize_message":"","jetpack_publicize_feature_enabled":true,"jetpack_social_post_already_shared":true,"jetpack_social_options":{"image_generator_settings":{"template":"highway","enabled":false}}},"categories":[2],"tags":[],"jetpack_publicize_connections":[],"jetpack_featured_media_url":"","jetpack_sharing_enabled":true,"jetpack_shortlink":"https:\/\/wp.me\/paFpWR-EK","_links":{"self":[{"href":"https:\/\/bonettiassociados.com.br\/index.php\/wp-json\/wp\/v2\/posts\/2526"}],"collection":[{"href":"https:\/\/bonettiassociados.com.br\/index.php\/wp-json\/wp\/v2\/posts"}],"about":[{"href":"https:\/\/bonettiassociados.com.br\/index.php\/wp-json\/wp\/v2\/types\/post"}],"author":[{"embeddable":true,"href":"https:\/\/bonettiassociados.com.br\/index.php\/wp-json\/wp\/v2\/users\/6"}],"replies":[{"embeddable":true,"href":"https:\/\/bonettiassociados.com.br\/index.php\/wp-json\/wp\/v2\/comments?post=2526"}],"version-history":[{"count":1,"href":"https:\/\/bonettiassociados.com.br\/index.php\/wp-json\/wp\/v2\/posts\/2526\/revisions"}],"predecessor-version":[{"id":2527,"href":"https:\/\/bonettiassociados.com.br\/index.php\/wp-json\/wp\/v2\/posts\/2526\/revisions\/2527"}],"wp:attachment":[{"href":"https:\/\/bonettiassociados.com.br\/index.php\/wp-json\/wp\/v2\/media?parent=2526"}],"wp:term":[{"taxonomy":"category","embeddable":true,"href":"https:\/\/bonettiassociados.com.br\/index.php\/wp-json\/wp\/v2\/categories?post=2526"},{"taxonomy":"post_tag","embeddable":true,"href":"https:\/\/bonettiassociados.com.br\/index.php\/wp-json\/wp\/v2\/tags?post=2526"}],"curies":[{"name":"wp","href":"https:\/\/api.w.org\/{rel}","templated":true}]}}